{"id":127330,"date":"2025-05-06T08:31:36","date_gmt":"2025-05-06T11:31:36","guid":{"rendered":"https:\/\/tvtecjundiai.com.br\/news\/?p=127330"},"modified":"2025-05-06T08:44:33","modified_gmt":"2025-05-06T11:44:33","slug":"pait-comeca-nova-turma-nesta-terca-feira-6","status":"publish","type":"post","link":"https:\/\/tvtecjundiai.com.br\/news\/2025\/05\/06\/pait-comeca-nova-turma-nesta-terca-feira-6\/","title":{"rendered":"PAIT come\u00e7a nova turma nesta ter\u00e7a-feira (6)"},"content":{"rendered":"\n<p>O Programa de Assist\u00eancia Intensiva ao Tabagista, da Unidade de Gest\u00e3o de Promo\u00e7\u00e3o da Sa\u00fade (UGPS), abre cinco novas turmas neste m\u00eas. Al\u00e9m de auxiliar quem quer se livrar dos cigarros tradicionais, o PAIT atua contra o v\u00edcio em cigarro eletr\u00f4nico. O acompanhamento \u00e9 completo e gratuito.<\/p>\n\n\n\n<p>Nesta ter\u00e7a-feira (6), novo grupo, com encontros \u00e0s 9h30, come\u00e7a na Biblioteca Municipal Professor Nelson Foot (avenida Dr. Cavalcanti, 396, Vila Arens). Dia 14, ser\u00e1 no N\u00facleo Integrado de Sa\u00fade \u2014 NIS (avenida Carlos Salles Block, 74, Parque do Col\u00e9gio), \u00e0s 14h. J\u00e1 no dia 19 de maio, \u00e0s 18h, nova turma ser\u00e1 iniciada no Anfiteatro do CEMEJA (rua Jos\u00e9 do Patroc\u00ednio, 200, Complexo Argos); dia 29, \u00e0s 14h, na Unidade B\u00e1sica de Sa\u00fade (UBS) Eloy Chaves (avenida Carlos Veiga, 180); e no dia 30, \u00e0s 14h, na UBS Agapeama (rua Lu\u00eds Carpi, 238).<\/p>\n\n\n\n<p>A inscri\u00e7\u00e3o \u00e9 feita no local. Basta apresentar o CPF e o cart\u00e3o de cadastro da UBS ou da Cl\u00ednica da Fam\u00edlia. Ao todo, s\u00e3o oito encontros onde \u00e9 ofertado acompanhamento aos participantes a partir de a\u00e7\u00f5es coletivas e individualizadas. Havendo a necessidade, a equipe de sa\u00fade tamb\u00e9m faz a dispensa\u00e7\u00e3o de medicamentos.<\/p>\n\n\n\n<p>O PAIT de Jundia\u00ed tem 17 anos, sendo reconhecido como modelo de controle \u00e0 doen\u00e7a no Estado de S\u00e3o Paulo. Mais de 10 mil pessoas j\u00e1 foram auxiliadas.<\/p>\n\n\n\n<p>Fonte \/ Imagem: Prefeitura de Jundia\u00ed<\/p>\n","protected":false},"excerpt":{"rendered":"<p>Novo grupo, com encontros \u00e0s 9h30, come\u00e7a na Biblioteca Municipal Professor Nelson Foot.<\/p>\n","protected":false},"author":24,"featured_media":127331,"comment_status":"open","ping_status":"0","sticky":false,"template":"","format":"standard","meta":{"footnotes":""},"categories":[8392,29,8356,1,2839,8355],"tags":[],"class_list":["post-127330","post","type-post","status-publish","format-standard","has-post-thumbnail","hentry","category-assistencia-social","category-destaque","category-jundiai","category-noticias","category-saude","category-saude-3"],"_links":{"self":[{"href":"https:\/\/tvtecjundiai.com.br\/news\/wp-json\/wp\/v2\/posts\/127330","targetHints":{"allow":["GET"]}}],"collection":[{"href":"https:\/\/tvtecjundiai.com.br\/news\/wp-json\/wp\/v2\/posts"}],"about":[{"href":"https:\/\/tvtecjundiai.com.br\/news\/wp-json\/wp\/v2\/types\/post"}],"author":[{"embeddable":true,"href":"https:\/\/tvtecjundiai.com.br\/news\/wp-json\/wp\/v2\/users\/24"}],"replies":[{"embeddable":true,"href":"https:\/\/tvtecjundiai.com.br\/news\/wp-json\/wp\/v2\/comments?post=127330"}],"version-history":[{"count":1,"href":"https:\/\/tvtecjundiai.com.br\/news\/wp-json\/wp\/v2\/posts\/127330\/revisions"}],"predecessor-version":[{"id":127332,"href":"https:\/\/tvtecjundiai.com.br\/news\/wp-json\/wp\/v2\/posts\/127330\/revisions\/127332"}],"wp:featuredmedia":[{"embeddable":true,"href":"https:\/\/tvtecjundiai.com.br\/news\/wp-json\/wp\/v2\/media\/127331"}],"wp:attachment":[{"href":"https:\/\/tvtecjundiai.com.br\/news\/wp-json\/wp\/v2\/media?parent=127330"}],"wp:term":[{"taxonomy":"category","embeddable":true,"href":"https:\/\/tvtecjundiai.com.br\/news\/wp-json\/wp\/v2\/categories?post=127330"},{"taxonomy":"post_tag","embeddable":true,"href":"https:\/\/tvtecjundiai.com.br\/news\/wp-json\/wp\/v2\/tags?post=127330"}],"curies":[{"name":"wp","href":"https:\/\/api.w.org\/{rel}","templated":true}]}}