{"id":12735,"date":"2018-06-25T13:51:25","date_gmt":"2018-06-25T16:51:25","guid":{"rendered":"https:\/\/tvtecjundiai.com.br\/news\/?p=12735"},"modified":"2018-06-25T13:51:25","modified_gmt":"2018-06-25T16:51:25","slug":"equipes-de-ginastica-encerram-semestre-com-caminhada","status":"publish","type":"post","link":"https:\/\/tvtecjundiai.com.br\/news\/2018\/06\/25\/equipes-de-ginastica-encerram-semestre-com-caminhada\/","title":{"rendered":"Equipes de Gin\u00e1stica encerram semestre com caminhada"},"content":{"rendered":"<div id=\"attachment_12736\" style=\"width: 410px\" class=\"wp-caption alignright\"><a href=\"https:\/\/tvtecjundiai.com.br\/news\/wp-content\/uploads\/sites\/2\/2018\/06\/festival-de-esportes_c_-48.jpg\"><img loading=\"lazy\" decoding=\"async\" aria-describedby=\"caption-attachment-12736\" class=\"wp-image-12736\" src=\"https:\/\/tvtecjundiai.com.br\/news\/wp-content\/uploads\/sites\/2\/2018\/06\/festival-de-esportes_c_-48-300x200.jpg\" alt=\"\" width=\"400\" height=\"267\" srcset=\"https:\/\/tvtecjundiai.com.br\/news\/wp-content\/uploads\/sites\/2\/2018\/06\/festival-de-esportes_c_-48-300x200.jpg 300w, https:\/\/tvtecjundiai.com.br\/news\/wp-content\/uploads\/sites\/2\/2018\/06\/festival-de-esportes_c_-48-768x512.jpg 768w, https:\/\/tvtecjundiai.com.br\/news\/wp-content\/uploads\/sites\/2\/2018\/06\/festival-de-esportes_c_-48-1200x800.jpg 1200w, https:\/\/tvtecjundiai.com.br\/news\/wp-content\/uploads\/sites\/2\/2018\/06\/festival-de-esportes_c_-48.jpg 1280w\" sizes=\"auto, (max-width: 400px) 100vw, 400px\" \/><\/a><p id=\"caption-attachment-12736\" class=\"wp-caption-text\">Ap\u00f3s alongamento, usu\u00e1rios dos CECEs seguiram em caminhada at\u00e9 o Parque da Cidade<\/p><\/div>\n<p>Mais de 400 pessoas participaram do encerramento das atividades do semestre das equipes de Gin\u00e1stica Corporal dos Complexos Educacionais, Culturais e Esportivos (CECEs), pelo 3\u00ba Festival Time Jundia\u00ed (Festijun), organizado pela Unidade de Gest\u00e3o de Esporte e Lazer (UGEL). A a\u00e7\u00e3o aconteceu no Pa\u00e7o Municipal na manh\u00e3 de segunda-feira (25) com a recep\u00e7\u00e3o do Prefeito Luiz Fernando Machado, seguido por atividades de alongamento e caminhada at\u00e9 o Parque da Cidade, com atividades integrativas.<\/p>\n<p>\u201cVoc\u00eas formam uma classe muito importante para cidade, de pessoas que nos ajudam a construir um futuro melhor, com boa sa\u00fade. Sabemos de todos os desafios que temos de enfrentar. N\u00e3o s\u00e3o pequenos, mas com determina\u00e7\u00e3o do governo e planejamento, vamos construir juntos\u201d, comentou o prefeito, parabenizando os praticantes de atividades f\u00edsicas dos CECEs.<\/p>\n<p>O gestor da UGEL, Luiz Trientini, destacou a import\u00e2ncia da participa\u00e7\u00e3o da popula\u00e7\u00e3o nas a\u00e7\u00f5es. \u201cA meta da unidade \u00e9 proporcionar a pr\u00e1tica de atividades esportivas com foco na melhoria da qualidade de vida para todas as pessoas, por isso, a import\u00e2ncia desses festivais, que est\u00e3o sendo realizados desde o dia 13 de junho e 2 de julho. Al\u00e9m de encerramento do semestre, propagam as atividades dispon\u00edveis nos CECEs\u201d, argumenta.<\/p>\n<p><em>(Fonte: Prefeitura de Jundia\u00ed)<\/em><\/p>\n","protected":false},"excerpt":{"rendered":"<p>Usu\u00e1rios dos CECEs tamb\u00e9m fizeram outras atividades esportivas<\/p>\n","protected":false},"author":10,"featured_media":12736,"comment_status":"closed","ping_status":"closed","sticky":false,"template":"","format":"standard","meta":{"footnotes":""},"categories":[2834,2827],"tags":[5,15],"class_list":["post-12735","post","type-post","status-publish","format-standard","has-post-thumbnail","hentry","category-cidades","category-esportes-e-lazer","tag-jundiai","tag-tvtec"],"_links":{"self":[{"href":"https:\/\/tvtecjundiai.com.br\/news\/wp-json\/wp\/v2\/posts\/12735","targetHints":{"allow":["GET"]}}],"collection":[{"href":"https:\/\/tvtecjundiai.com.br\/news\/wp-json\/wp\/v2\/posts"}],"about":[{"href":"https:\/\/tvtecjundiai.com.br\/news\/wp-json\/wp\/v2\/types\/post"}],"author":[{"embeddable":true,"href":"https:\/\/tvtecjundiai.com.br\/news\/wp-json\/wp\/v2\/users\/10"}],"replies":[{"embeddable":true,"href":"https:\/\/tvtecjundiai.com.br\/news\/wp-json\/wp\/v2\/comments?post=12735"}],"version-history":[{"count":1,"href":"https:\/\/tvtecjundiai.com.br\/news\/wp-json\/wp\/v2\/posts\/12735\/revisions"}],"predecessor-version":[{"id":12737,"href":"https:\/\/tvtecjundiai.com.br\/news\/wp-json\/wp\/v2\/posts\/12735\/revisions\/12737"}],"wp:featuredmedia":[{"embeddable":true,"href":"https:\/\/tvtecjundiai.com.br\/news\/wp-json\/wp\/v2\/media\/12736"}],"wp:attachment":[{"href":"https:\/\/tvtecjundiai.com.br\/news\/wp-json\/wp\/v2\/media?parent=12735"}],"wp:term":[{"taxonomy":"category","embeddable":true,"href":"https:\/\/tvtecjundiai.com.br\/news\/wp-json\/wp\/v2\/categories?post=12735"},{"taxonomy":"post_tag","embeddable":true,"href":"https:\/\/tvtecjundiai.com.br\/news\/wp-json\/wp\/v2\/tags?post=12735"}],"curies":[{"name":"wp","href":"https:\/\/api.w.org\/{rel}","templated":true}]}}