{"id":127379,"date":"2025-05-06T14:46:16","date_gmt":"2025-05-06T17:46:16","guid":{"rendered":"https:\/\/tvtecjundiai.com.br\/news\/?p=127379"},"modified":"2025-05-06T15:17:32","modified_gmt":"2025-05-06T18:17:32","slug":"saude-prossegue-com-vacinacao-contra-gripe","status":"publish","type":"post","link":"https:\/\/tvtecjundiai.com.br\/news\/2025\/05\/06\/saude-prossegue-com-vacinacao-contra-gripe\/","title":{"rendered":"Sa\u00fade prossegue com vacina\u00e7\u00e3o contra gripe em Jundia\u00ed"},"content":{"rendered":"\n<p>A vacina\u00e7\u00e3o contra Influenza (gripe) continua em todas as Unidades B\u00e1sicas de Sa\u00fade (UBSs) e Cl\u00ednicas da Fam\u00edlia. As doses s\u00e3o aplicadas de segunda a sexta-feira, preferencialmente no per\u00edodo da manh\u00e3.<\/p>\n\n\n\n<p>Al\u00e9m dos idosos com 60 anos ou mais, gestantes e pu\u00e9rperas (at\u00e9 45 dias), podem tomar o imunizante as crian\u00e7as de seis meses a menores de seis anos (5 anos, 11 meses e 29 dias)&nbsp;e os trabalhadores da Sa\u00fade e da Educa\u00e7\u00e3o.<\/p>\n\n\n\n<p>Em Jundia\u00ed, a aplica\u00e7\u00e3o est\u00e1 escalonada para garantir agilidade ao atendimento. A partir do dia 10, a oferta ser\u00e1 ampliada para os demais grupos priorit\u00e1rios definidos pelo Minist\u00e9rio da Sa\u00fade.<\/p>\n\n\n\n<figure class=\"wp-block-image\"><a class=\"fancybox image\" href=\"https:\/\/jundiai.sp.gov.br\/noticias\/wp-content\/uploads\/sites\/32\/2025\/05\/vacinacao_idosos_clinica_da_familia_v-22-1280x854.jpg\"><img decoding=\"async\" src=\"https:\/\/jundiai.sp.gov.br\/noticias\/wp-content\/uploads\/sites\/32\/2025\/05\/vacinacao_idosos_clinica_da_familia_v-22-1280x854.jpg\" alt=\"\" class=\"wp-image-357435\" \/><\/a><figcaption class=\"wp-element-caption\">A aplica\u00e7\u00e3o da dose ocorre, preferencialmente, no per\u00edodo da manh\u00e3<\/figcaption><\/figure>\n\n\n\n<p><strong>Documenta\u00e7\u00e3o<\/strong><br>Para receber a vacina, \u00e9 necess\u00e1rio apresentar documento com CPF para o registro no sistema de informa\u00e7\u00e3o. No caso das crian\u00e7as, tamb\u00e9m \u00e9 preciso estar com a carteira de vacina\u00e7\u00e3o. J\u00e1 os profissionais da Sa\u00fade e da Educa\u00e7\u00e3o devem estar munidos de comprovante de presta\u00e7\u00e3o de servi\u00e7o, podendo ser o holerite ou o crach\u00e1.<\/p>\n\n\n\n<p><strong>Balan\u00e7o<\/strong><br>Desde o in\u00edcio da vacina\u00e7\u00e3o na cidade, no dia 7 de abril, foram aplicadas 20.586 doses em idosos, 277 em gestantes, 36 em pu\u00e9rperas, 1.399 em crian\u00e7as e 1.894 em trabalhadores da Sa\u00fade.<\/p>\n\n\n\n<p>Anualmente, o imunizante contra a gripe \u00e9 atualizado para ser mais efetivo na prote\u00e7\u00e3o contra as cepas dos principais v\u00edrus que circulam no Pa\u00eds. Neste ano, a dose passou a fazer parte do Calend\u00e1rio Nacional de vacina\u00e7\u00e3o dos idosos 60+, das crian\u00e7as de seis meses a menores de seis anos e das gestantes.<\/p>\n\n\n\n<p><strong>Lembrete<\/strong><br>Durante a vacina\u00e7\u00e3o contra Influenza, a Unidade de Gest\u00e3o de Promo\u00e7\u00e3o da Sa\u00fade (UGPS) recomenda que a popula\u00e7\u00e3o que necessita das vacinas de rotina procure os servi\u00e7os de sa\u00fade preferencialmente no per\u00edodo da tarde.<\/p>\n\n\n\n<p>Fonte \/ Imagem: Prefeitura de Jundia\u00ed<\/p>\n","protected":false},"excerpt":{"rendered":"<p>A vacina\u00e7\u00e3o contra Influenza (gripe) continua em todas as Unidades B\u00e1sicas de Sa\u00fade (UBSs) e Cl\u00ednicas da Fam\u00edlia. As doses s\u00e3o aplicadas de segunda a sexta-feira, preferencialmente no per\u00edodo da manh\u00e3. Al\u00e9m dos idosos com 60 anos ou mais, gestantes e pu\u00e9rperas (at\u00e9 45 dias), podem tomar o imunizante as crian\u00e7as de seis meses a [&hellip;]<\/p>\n","protected":false},"author":24,"featured_media":127388,"comment_status":"open","ping_status":"0","sticky":false,"template":"","format":"standard","meta":{"footnotes":""},"categories":[8356,2839,8417],"tags":[],"class_list":["post-127379","post","type-post","status-publish","format-standard","has-post-thumbnail","hentry","category-jundiai","category-saude","category-vacina"],"_links":{"self":[{"href":"https:\/\/tvtecjundiai.com.br\/news\/wp-json\/wp\/v2\/posts\/127379","targetHints":{"allow":["GET"]}}],"collection":[{"href":"https:\/\/tvtecjundiai.com.br\/news\/wp-json\/wp\/v2\/posts"}],"about":[{"href":"https:\/\/tvtecjundiai.com.br\/news\/wp-json\/wp\/v2\/types\/post"}],"author":[{"embeddable":true,"href":"https:\/\/tvtecjundiai.com.br\/news\/wp-json\/wp\/v2\/users\/24"}],"replies":[{"embeddable":true,"href":"https:\/\/tvtecjundiai.com.br\/news\/wp-json\/wp\/v2\/comments?post=127379"}],"version-history":[{"count":2,"href":"https:\/\/tvtecjundiai.com.br\/news\/wp-json\/wp\/v2\/posts\/127379\/revisions"}],"predecessor-version":[{"id":127387,"href":"https:\/\/tvtecjundiai.com.br\/news\/wp-json\/wp\/v2\/posts\/127379\/revisions\/127387"}],"wp:featuredmedia":[{"embeddable":true,"href":"https:\/\/tvtecjundiai.com.br\/news\/wp-json\/wp\/v2\/media\/127388"}],"wp:attachment":[{"href":"https:\/\/tvtecjundiai.com.br\/news\/wp-json\/wp\/v2\/media?parent=127379"}],"wp:term":[{"taxonomy":"category","embeddable":true,"href":"https:\/\/tvtecjundiai.com.br\/news\/wp-json\/wp\/v2\/categories?post=127379"},{"taxonomy":"post_tag","embeddable":true,"href":"https:\/\/tvtecjundiai.com.br\/news\/wp-json\/wp\/v2\/tags?post=127379"}],"curies":[{"name":"wp","href":"https:\/\/api.w.org\/{rel}","templated":true}]}}