{"id":127408,"date":"2025-05-07T13:19:08","date_gmt":"2025-05-07T16:19:08","guid":{"rendered":"https:\/\/tvtecjundiai.com.br\/news\/?p=127408"},"modified":"2025-05-07T13:19:08","modified_gmt":"2025-05-07T16:19:08","slug":"prefeitura-de-jundiai-inicia-programa-de-revitalizacao-de-pracas","status":"publish","type":"post","link":"https:\/\/tvtecjundiai.com.br\/news\/2025\/05\/07\/prefeitura-de-jundiai-inicia-programa-de-revitalizacao-de-pracas\/","title":{"rendered":"Prefeitura de Jundia\u00ed inicia programa de revitaliza\u00e7\u00e3o de pra\u00e7as"},"content":{"rendered":"\n<p>A Prefeitura de Jundia\u00ed atrav\u00e9s da Unidade de Gest\u00e3o de Infraestrutura e Servi\u00e7os P\u00fablicos (UGISP), deu in\u00edcio nesta ter\u00e7a-feira (6), ao programa de revitaliza\u00e7\u00e3o de pra\u00e7as. A a\u00e7\u00e3o tem como objetivo promover melhorias nos espa\u00e7os p\u00fablicos, ampliando o bem-estar e a qualidade de vida da popula\u00e7\u00e3o.<\/p>\n\n\n\n<figure class=\"wp-block-image\"><a class=\"fancybox image\" href=\"https:\/\/jundiai.sp.gov.br\/noticias\/wp-content\/uploads\/sites\/32\/2025\/05\/revitalizacao_praca_rua_brasil_v-22-1280x854.jpg\"><img decoding=\"async\" src=\"https:\/\/jundiai.sp.gov.br\/noticias\/wp-content\/uploads\/sites\/32\/2025\/05\/revitalizacao_praca_rua_brasil_v-22-1280x854.jpg\" alt=\"\" class=\"wp-image-357575\" \/><\/a><figcaption class=\"wp-element-caption\">Programa de revitaliza\u00e7\u00e3o de pra\u00e7as<\/figcaption><\/figure>\n\n\n\n<p>A primeira pra\u00e7a a receber as interven\u00e7\u00f5es foi a Pra\u00e7a Padre Adalberto de Paula Nunes, no bairro Vila Arens. As equipes do Departamento de Parques, Jardins e Pra\u00e7as realizaram servi\u00e7os de poda, pintura de equipamentos como brinquedos infantis e bancos, al\u00e9m da instala\u00e7\u00e3o de uma academia ao ar livre. &nbsp;<\/p>\n\n\n\n<figure class=\"wp-block-image\"><a class=\"fancybox image\" href=\"https:\/\/jundiai.sp.gov.br\/noticias\/wp-content\/uploads\/sites\/32\/2025\/05\/revitalizacao_praca_rua_brasil_v-17-1280x854.jpg\"><img decoding=\"async\" src=\"https:\/\/jundiai.sp.gov.br\/noticias\/wp-content\/uploads\/sites\/32\/2025\/05\/revitalizacao_praca_rua_brasil_v-17-1280x854.jpg\" alt=\"\" class=\"wp-image-357562\" \/><\/a><figcaption class=\"wp-element-caption\">Prefeitura revitaliza pra\u00e7a na Vila Arens<\/figcaption><\/figure>\n\n\n\n<p>Segundo Marcos Galdino, gestor da UGISP, a iniciativa busca tornar os espa\u00e7os p\u00fablicos mais seguros e atrativos para a popula\u00e7\u00e3o.<\/p>\n\n\n\n<p>\u201cNosso foco \u00e9 proporcionar ambientes de conviv\u00eancia com mais tranquilidade, seguran\u00e7a e qualidade. As pra\u00e7as s\u00e3o pontos importantes de encontro e lazer para as fam\u00edlias, e merecem aten\u00e7\u00e3o cont\u00ednua do poder p\u00fablico\u201d, destacou Galdino.<\/p>\n\n\n\n<figure class=\"wp-block-image\"><a class=\"fancybox image\" href=\"https:\/\/jundiai.sp.gov.br\/noticias\/wp-content\/uploads\/sites\/32\/2025\/05\/revitalizacao_praca_rua_brasil_v-12-1280x854.jpg\"><img decoding=\"async\" src=\"https:\/\/jundiai.sp.gov.br\/noticias\/wp-content\/uploads\/sites\/32\/2025\/05\/revitalizacao_praca_rua_brasil_v-12-1280x854.jpg\" alt=\"\" class=\"wp-image-357571\" \/><\/a><figcaption class=\"wp-element-caption\">Pra\u00e7a Padre Adalberto de Paula Nunes recebeu nova pintura e uma academia ao ar livre<\/figcaption><\/figure>\n\n\n\n<p>A revitaliza\u00e7\u00e3o da Pra\u00e7a Padre Adalberto de Paula Nunes marca o in\u00edcio de uma s\u00e9rie de interven\u00e7\u00f5es planejadas para os pr\u00f3ximos meses em outras pra\u00e7as do munic\u00edpio.<\/p>\n\n\n\n<p>As demandas de zeladoria e conserva\u00e7\u00e3o podem ser solicitadas atrav\u00e9s do n\u00famero 156.<\/p>\n\n\n\n<p>Fonte \/ Imagem: Prefeitura de Jundia\u00ed<\/p>\n","protected":false},"excerpt":{"rendered":"<p>A a\u00e7\u00e3o tem como objetivo promover melhorias nos espa\u00e7os p\u00fablicos, ampliando o bem-estar e a qualidade de vida da popula\u00e7\u00e3o.<\/p>\n","protected":false},"author":24,"featured_media":127409,"comment_status":"closed","ping_status":"0","sticky":false,"template":"","format":"standard","meta":{"footnotes":""},"categories":[8357,8356,1,4831],"tags":[],"class_list":["post-127408","post","type-post","status-publish","format-standard","has-post-thumbnail","hentry","category-gestao","category-jundiai","category-noticias","category-seguranca"],"_links":{"self":[{"href":"https:\/\/tvtecjundiai.com.br\/news\/wp-json\/wp\/v2\/posts\/127408","targetHints":{"allow":["GET"]}}],"collection":[{"href":"https:\/\/tvtecjundiai.com.br\/news\/wp-json\/wp\/v2\/posts"}],"about":[{"href":"https:\/\/tvtecjundiai.com.br\/news\/wp-json\/wp\/v2\/types\/post"}],"author":[{"embeddable":true,"href":"https:\/\/tvtecjundiai.com.br\/news\/wp-json\/wp\/v2\/users\/24"}],"replies":[{"embeddable":true,"href":"https:\/\/tvtecjundiai.com.br\/news\/wp-json\/wp\/v2\/comments?post=127408"}],"version-history":[{"count":1,"href":"https:\/\/tvtecjundiai.com.br\/news\/wp-json\/wp\/v2\/posts\/127408\/revisions"}],"predecessor-version":[{"id":127410,"href":"https:\/\/tvtecjundiai.com.br\/news\/wp-json\/wp\/v2\/posts\/127408\/revisions\/127410"}],"wp:featuredmedia":[{"embeddable":true,"href":"https:\/\/tvtecjundiai.com.br\/news\/wp-json\/wp\/v2\/media\/127409"}],"wp:attachment":[{"href":"https:\/\/tvtecjundiai.com.br\/news\/wp-json\/wp\/v2\/media?parent=127408"}],"wp:term":[{"taxonomy":"category","embeddable":true,"href":"https:\/\/tvtecjundiai.com.br\/news\/wp-json\/wp\/v2\/categories?post=127408"},{"taxonomy":"post_tag","embeddable":true,"href":"https:\/\/tvtecjundiai.com.br\/news\/wp-json\/wp\/v2\/tags?post=127408"}],"curies":[{"name":"wp","href":"https:\/\/api.w.org\/{rel}","templated":true}]}}