{"id":127506,"date":"2025-05-09T12:55:21","date_gmt":"2025-05-09T15:55:21","guid":{"rendered":"https:\/\/tvtecjundiai.com.br\/news\/?p=127506"},"modified":"2025-05-09T12:56:34","modified_gmt":"2025-05-09T15:56:34","slug":"especial-de-20-anos-da-conquista-da-copa-do-brasil-2005-tvtec-exibe-neste-domingo-11-os-principais-lances-do-jogo-que-classificou-o-paulista-as-semifinais-contra-o-figueirense","status":"publish","type":"post","link":"https:\/\/tvtecjundiai.com.br\/news\/2025\/05\/09\/especial-de-20-anos-da-conquista-da-copa-do-brasil-2005-tvtec-exibe-neste-domingo-11-os-principais-lances-do-jogo-que-classificou-o-paulista-as-semifinais-contra-o-figueirense\/","title":{"rendered":"Especial de 20 anos da Conquista da Copa do Brasil 2005: TVTEC exibe, neste domingo (11), os principais lances do jogo que classificou o Paulista \u00e0s semifinais, contra o Figueirense"},"content":{"rendered":"\n<p>Neste domingo (11), a TVTEC Jundia\u00ed preparou uma programa\u00e7\u00e3o especial aos apaixonados pelo Galo. Com imagens de nosso arquivo, exibiremos os melhores momentos do jogo que classificou o Paulista \u00e0s semifinais da Copa do Brasil 2005. <\/p>\n\n\n\n<p>No fat\u00eddico jogo, o Paulista, com gol de Lucas, superou o Figueirense por 1&#215;0 no tempo normal e empatou o agregado em 1&#215;1, levando a decis\u00e3o para as penalidades m\u00e1ximas. Brilhou a estrela de Rafael Bracali, que defendeu uma cobran\u00e7a e viu outras duas viajarem para fora, explodindo o Jayme Cintra. <strong>O Paulista estava na semifinal da Copa do Brasil!<\/strong><\/p>\n\n\n<div class=\"wp-block-image\">\n<figure class=\"aligncenter size-full\"><img loading=\"lazy\" decoding=\"async\" width=\"523\" height=\"349\" src=\"https:\/\/tvtecjundiai.com.br\/news\/wp-content\/uploads\/sites\/2\/2025\/05\/image-6.png\" alt=\"\" class=\"wp-image-127508\" srcset=\"https:\/\/tvtecjundiai.com.br\/news\/wp-content\/uploads\/sites\/2\/2025\/05\/image-6.png 523w, https:\/\/tvtecjundiai.com.br\/news\/wp-content\/uploads\/sites\/2\/2025\/05\/image-6-300x200.png 300w\" sizes=\"auto, (max-width: 523px) 100vw, 523px\" \/><figcaption class=\"wp-element-caption\">Rafael Bracali ao lado da ta\u00e7a da Copa do Brasil de 2005. (Foto: Arquivo Paulista FC)<\/figcaption><\/figure>\n<\/div>\n\n\n<p>O goleiro tamb\u00e9m foi personagem do quinto epis\u00f3dio do &#8220;Especial de 20 anos da Conquista da Copa do Brasil 2005&#8221;. Em entrevista concedida a Rivelino Teixeira, o pared\u00e3o jundiaiense relembrou momentos \u00e9picos daquela campanha, se emocionando. <strong>Para conferir os epis\u00f3dios desta s\u00e9rie e os jogos da hist\u00f3rica jornada do t\u00edtulo, \u00e9 s\u00f3 ficar ligado nas redes sociais da TVTEC Jundia\u00ed (<a href=\"https:\/\/www.instagram.com\/tvtecjundiai\/\">Instagram<\/a> e <a href=\"https:\/\/www.facebook.com\/tvtecjundiai\/?locale=pt_BR\">Facebook<\/a>), bem como na programa\u00e7\u00e3o do canal 24 na CLARO\/NET<\/strong>!<\/p>\n","protected":false},"excerpt":{"rendered":"<p>Confronto de volta das quartas de final acabou em 1&#215;0 para o Galo, com vit\u00f3ria nas penalidades por 3&#215;1.<\/p>\n","protected":false},"author":24,"featured_media":127507,"comment_status":"closed","ping_status":"0","sticky":false,"template":"","format":"standard","meta":{"footnotes":""},"categories":[29,2827,8428,8356],"tags":[],"class_list":["post-127506","post","type-post","status-publish","format-standard","has-post-thumbnail","hentry","category-destaque","category-esportes-e-lazer","category-futebol","category-jundiai"],"_links":{"self":[{"href":"https:\/\/tvtecjundiai.com.br\/news\/wp-json\/wp\/v2\/posts\/127506","targetHints":{"allow":["GET"]}}],"collection":[{"href":"https:\/\/tvtecjundiai.com.br\/news\/wp-json\/wp\/v2\/posts"}],"about":[{"href":"https:\/\/tvtecjundiai.com.br\/news\/wp-json\/wp\/v2\/types\/post"}],"author":[{"embeddable":true,"href":"https:\/\/tvtecjundiai.com.br\/news\/wp-json\/wp\/v2\/users\/24"}],"replies":[{"embeddable":true,"href":"https:\/\/tvtecjundiai.com.br\/news\/wp-json\/wp\/v2\/comments?post=127506"}],"version-history":[{"count":2,"href":"https:\/\/tvtecjundiai.com.br\/news\/wp-json\/wp\/v2\/posts\/127506\/revisions"}],"predecessor-version":[{"id":127510,"href":"https:\/\/tvtecjundiai.com.br\/news\/wp-json\/wp\/v2\/posts\/127506\/revisions\/127510"}],"wp:featuredmedia":[{"embeddable":true,"href":"https:\/\/tvtecjundiai.com.br\/news\/wp-json\/wp\/v2\/media\/127507"}],"wp:attachment":[{"href":"https:\/\/tvtecjundiai.com.br\/news\/wp-json\/wp\/v2\/media?parent=127506"}],"wp:term":[{"taxonomy":"category","embeddable":true,"href":"https:\/\/tvtecjundiai.com.br\/news\/wp-json\/wp\/v2\/categories?post=127506"},{"taxonomy":"post_tag","embeddable":true,"href":"https:\/\/tvtecjundiai.com.br\/news\/wp-json\/wp\/v2\/tags?post=127506"}],"curies":[{"name":"wp","href":"https:\/\/api.w.org\/{rel}","templated":true}]}}