{"id":127511,"date":"2025-05-09T14:24:20","date_gmt":"2025-05-09T17:24:20","guid":{"rendered":"https:\/\/tvtecjundiai.com.br\/news\/?p=127511"},"modified":"2025-05-09T14:24:20","modified_gmt":"2025-05-09T17:24:20","slug":"dia-das-maes-vendas-do-varejo-em-jundiai-devem-crescer-61-em-maio-faturamento-dos-segmentos-diretamente-impactados-pela-data-pode-atingir-r-46-bilhoes","status":"publish","type":"post","link":"https:\/\/tvtecjundiai.com.br\/news\/2025\/05\/09\/dia-das-maes-vendas-do-varejo-em-jundiai-devem-crescer-61-em-maio-faturamento-dos-segmentos-diretamente-impactados-pela-data-pode-atingir-r-46-bilhoes\/","title":{"rendered":"Dia das M\u00e3es: vendas do varejo em Jundia\u00ed devem crescer 6,1% em maio; faturamento dos segmentos diretamente impactados pela data pode atingir R$ 4,6 bilh\u00f5es"},"content":{"rendered":"\n<p>As perspectivas de vendas para o Dia das M\u00e3es na regi\u00e3o de Jundia\u00ed s\u00e3o positivas. No m\u00eas de maio, o faturamento dos cinco segmentos varejistas mais impactados pela data deve crescer 6,1% e atingir a marca de R$ 4,6 bilh\u00f5es, representando R$ 266,3 milh\u00f5es a mais em rela\u00e7\u00e3o ao mesmo per\u00edodo de 2024, de acordo com estimativas do Sindicato do Com\u00e9rcio Varejista de Jundia\u00ed e Regi\u00e3o (Sincomercio). O com\u00e9rcio de rua de Jundia\u00ed ter\u00e1 hor\u00e1rio especial neste s\u00e1bado (10\/05) com funcionamento at\u00e9 as 18h.<br>A proje\u00e7\u00e3o do Sincomercio \u00e9 que as cinco atividades selecionadas apresentem crescimento no m\u00eas da data comemorativa mais importante do primeiro semestre, com destaque para as lojas de vestu\u00e1rio, tecidos e cal\u00e7ados, que comercializam os itens mais procurados na hora de presentear.<\/p>\n\n\n\n<p>A expectativa \u00e9 que as vendas do segmento avancem 11,1% em rela\u00e7\u00e3o a maio passado. O faturamento das farm\u00e1cias e perfumarias, por sua vez, deve subir 8,3% e das lojas de m\u00f3veis e decora\u00e7\u00e3o, quase 5,2%. Por fim, o grupo de eletrodom\u00e9sticos, eletr\u00f4nicos e lojas de departamentos deve registrar alta de 4,9%, enquanto os supermercados v\u00e3o crescer 5%.<\/p>\n\n\n\n<figure class=\"wp-block-image size-full\"><img loading=\"lazy\" decoding=\"async\" width=\"1024\" height=\"564\" src=\"https:\/\/tvtecjundiai.com.br\/news\/wp-content\/uploads\/sites\/2\/2025\/05\/image-7.png\" alt=\"\" class=\"wp-image-127514\" srcset=\"https:\/\/tvtecjundiai.com.br\/news\/wp-content\/uploads\/sites\/2\/2025\/05\/image-7.png 1024w, https:\/\/tvtecjundiai.com.br\/news\/wp-content\/uploads\/sites\/2\/2025\/05\/image-7-300x165.png 300w, https:\/\/tvtecjundiai.com.br\/news\/wp-content\/uploads\/sites\/2\/2025\/05\/image-7-768x423.png 768w\" sizes=\"auto, (max-width: 1024px) 100vw, 1024px\" \/><\/figure>\n\n\n\n<p>Na vis\u00e3o de Edison Maltoni, presidente do Sincomercio, de maneira geral, a expans\u00e3o de 6,1% \u00e9 excelente. \u201cEssa \u00e9 uma data muito aguardada pelos comerciantes que mobiliza a\u00e7\u00f5es diversas como campanhas promocionais, a\u00e7\u00f5es de marketing, parcerias entre segmentos e investimentos nas vitrines, kits de presentes. Al\u00e9m do com\u00e9rcio, os setores gastron\u00f4micos e de turismo tamb\u00e9m dever\u00e3o se beneficiar com a data. O hor\u00e1rio especial do com\u00e9rcio neste s\u00e1bado (10) \u00e9 uma op\u00e7\u00e3o para consumidores comprarem os presentes\u201d, avalia Maltoni.<\/p>\n\n\n\n<p><strong>Fonte e Imagem: Sincom\u00e9rcio Jundia\u00ed<\/strong><\/p>\n","protected":false},"excerpt":{"rendered":"<p>A proje\u00e7\u00e3o do Sincomercio \u00e9 que as cinco atividades selecionadas apresentem crescimento no m\u00eas da data comemorativa mais importante do primeiro semestre, com destaque para as lojas de vestu\u00e1rio, tecidos e cal\u00e7ados, que comercializam os itens mais procurados na hora de presentear.<\/p>\n","protected":false},"author":24,"featured_media":127517,"comment_status":"closed","ping_status":"0","sticky":false,"template":"","format":"standard","meta":{"footnotes":""},"categories":[8426,29,8356],"tags":[],"class_list":["post-127511","post","type-post","status-publish","format-standard","has-post-thumbnail","hentry","category-comercio","category-destaque","category-jundiai"],"_links":{"self":[{"href":"https:\/\/tvtecjundiai.com.br\/news\/wp-json\/wp\/v2\/posts\/127511","targetHints":{"allow":["GET"]}}],"collection":[{"href":"https:\/\/tvtecjundiai.com.br\/news\/wp-json\/wp\/v2\/posts"}],"about":[{"href":"https:\/\/tvtecjundiai.com.br\/news\/wp-json\/wp\/v2\/types\/post"}],"author":[{"embeddable":true,"href":"https:\/\/tvtecjundiai.com.br\/news\/wp-json\/wp\/v2\/users\/24"}],"replies":[{"embeddable":true,"href":"https:\/\/tvtecjundiai.com.br\/news\/wp-json\/wp\/v2\/comments?post=127511"}],"version-history":[{"count":1,"href":"https:\/\/tvtecjundiai.com.br\/news\/wp-json\/wp\/v2\/posts\/127511\/revisions"}],"predecessor-version":[{"id":127518,"href":"https:\/\/tvtecjundiai.com.br\/news\/wp-json\/wp\/v2\/posts\/127511\/revisions\/127518"}],"wp:featuredmedia":[{"embeddable":true,"href":"https:\/\/tvtecjundiai.com.br\/news\/wp-json\/wp\/v2\/media\/127517"}],"wp:attachment":[{"href":"https:\/\/tvtecjundiai.com.br\/news\/wp-json\/wp\/v2\/media?parent=127511"}],"wp:term":[{"taxonomy":"category","embeddable":true,"href":"https:\/\/tvtecjundiai.com.br\/news\/wp-json\/wp\/v2\/categories?post=127511"},{"taxonomy":"post_tag","embeddable":true,"href":"https:\/\/tvtecjundiai.com.br\/news\/wp-json\/wp\/v2\/tags?post=127511"}],"curies":[{"name":"wp","href":"https:\/\/api.w.org\/{rel}","templated":true}]}}