{"id":127562,"date":"2025-05-12T09:14:08","date_gmt":"2025-05-12T12:14:08","guid":{"rendered":"https:\/\/tvtecjundiai.com.br\/news\/?p=127562"},"modified":"2025-05-12T09:14:08","modified_gmt":"2025-05-12T12:14:08","slug":"complexos-esportivos-estarao-fechados-nos-dias-12-e-26-de-maio-para-dedetizacao","status":"publish","type":"post","link":"https:\/\/tvtecjundiai.com.br\/news\/2025\/05\/12\/complexos-esportivos-estarao-fechados-nos-dias-12-e-26-de-maio-para-dedetizacao\/","title":{"rendered":"Complexos Esportivos estar\u00e3o fechados nos dias 12 e 26 de maio para dedetiza\u00e7\u00e3o"},"content":{"rendered":"\n<p>A Prefeitura de Jundia\u00ed, por meio da Unidade de Gest\u00e3o de Esporte e Lazer (UGEL), informa que nos pr\u00f3ximos dias 12 e 26 de maio, os Complexos Esportivos estar\u00e3o fechados temporariamente para a realiza\u00e7\u00e3o do servi\u00e7o de dedetiza\u00e7\u00e3o.<\/p>\n\n\n\n<p>A a\u00e7\u00e3o tem como objetivo garantir a seguran\u00e7a, higiene e bem-estar dos frequentadores.<\/p>\n\n\n\n<p><strong>Confira abaixo os Complexos Esportivos que passar\u00e3o pelo servi\u00e7o e as datas:<\/strong><\/p>\n\n\n\n<figure class=\"wp-block-image\"><a class=\"fancybox image\" href=\"https:\/\/jundiai.sp.gov.br\/noticias\/wp-content\/uploads\/sites\/32\/2025\/05\/dedetizacao-cece-768x960.jpeg\"><img decoding=\"async\" src=\"https:\/\/jundiai.sp.gov.br\/noticias\/wp-content\/uploads\/sites\/32\/2025\/05\/dedetizacao-cece-768x960.jpeg\" alt=\"\" class=\"wp-image-357788\" \/><\/a><\/figure>\n\n\n\n<figure class=\"wp-block-image\"><a class=\"fancybox image\" href=\"https:\/\/jundiai.sp.gov.br\/noticias\/wp-content\/uploads\/sites\/32\/2025\/05\/dedetizacao-cece-2-768x960.jpeg\"><img decoding=\"async\" src=\"https:\/\/jundiai.sp.gov.br\/noticias\/wp-content\/uploads\/sites\/32\/2025\/05\/dedetizacao-cece-2-768x960.jpeg\" alt=\"\" class=\"wp-image-357789\" \/><\/a><\/figure>\n\n\n\n<p>Datas de dedetiza\u00e7\u00e3o dos Complexos Esportivos<\/p>\n\n\n\n<p>A UGEL agradece a compreens\u00e3o e refor\u00e7a que, ap\u00f3s a dedetiza\u00e7\u00e3o, os espa\u00e7os ser\u00e3o reabertos normalmente.<\/p>\n\n\n\n<p>Fonte \/ Imagem: Prefeitura de Jundia\u00ed <\/p>\n","protected":false},"excerpt":{"rendered":"<p>A a\u00e7\u00e3o tem como objetivo garantir a seguran\u00e7a, higiene e bem-estar dos frequentadores.<\/p>\n","protected":false},"author":24,"featured_media":127563,"comment_status":"open","ping_status":"0","sticky":false,"template":"","format":"standard","meta":{"footnotes":""},"categories":[2827,8356,1,5860,2839,4831],"tags":[],"class_list":["post-127562","post","type-post","status-publish","format-standard","has-post-thumbnail","hentry","category-esportes-e-lazer","category-jundiai","category-noticias","category-saneamento","category-saude","category-seguranca"],"_links":{"self":[{"href":"https:\/\/tvtecjundiai.com.br\/news\/wp-json\/wp\/v2\/posts\/127562","targetHints":{"allow":["GET"]}}],"collection":[{"href":"https:\/\/tvtecjundiai.com.br\/news\/wp-json\/wp\/v2\/posts"}],"about":[{"href":"https:\/\/tvtecjundiai.com.br\/news\/wp-json\/wp\/v2\/types\/post"}],"author":[{"embeddable":true,"href":"https:\/\/tvtecjundiai.com.br\/news\/wp-json\/wp\/v2\/users\/24"}],"replies":[{"embeddable":true,"href":"https:\/\/tvtecjundiai.com.br\/news\/wp-json\/wp\/v2\/comments?post=127562"}],"version-history":[{"count":1,"href":"https:\/\/tvtecjundiai.com.br\/news\/wp-json\/wp\/v2\/posts\/127562\/revisions"}],"predecessor-version":[{"id":127564,"href":"https:\/\/tvtecjundiai.com.br\/news\/wp-json\/wp\/v2\/posts\/127562\/revisions\/127564"}],"wp:featuredmedia":[{"embeddable":true,"href":"https:\/\/tvtecjundiai.com.br\/news\/wp-json\/wp\/v2\/media\/127563"}],"wp:attachment":[{"href":"https:\/\/tvtecjundiai.com.br\/news\/wp-json\/wp\/v2\/media?parent=127562"}],"wp:term":[{"taxonomy":"category","embeddable":true,"href":"https:\/\/tvtecjundiai.com.br\/news\/wp-json\/wp\/v2\/categories?post=127562"},{"taxonomy":"post_tag","embeddable":true,"href":"https:\/\/tvtecjundiai.com.br\/news\/wp-json\/wp\/v2\/tags?post=127562"}],"curies":[{"name":"wp","href":"https:\/\/api.w.org\/{rel}","templated":true}]}}