{"id":12767,"date":"2018-06-26T09:15:21","date_gmt":"2018-06-26T12:15:21","guid":{"rendered":"https:\/\/tvtecjundiai.com.br\/news\/?p=12767"},"modified":"2018-06-26T09:15:21","modified_gmt":"2018-06-26T12:15:21","slug":"inscricoes-para-o-prouni-comecam-nesta-terca-26","status":"publish","type":"post","link":"https:\/\/tvtecjundiai.com.br\/news\/2018\/06\/26\/inscricoes-para-o-prouni-comecam-nesta-terca-26\/","title":{"rendered":"Inscri\u00e7\u00f5es para o ProUni come\u00e7am nesta ter\u00e7a (26)"},"content":{"rendered":"<div id=\"attachment_12769\" style=\"width: 410px\" class=\"wp-caption alignright\"><a href=\"https:\/\/tvtecjundiai.com.br\/news\/wp-content\/uploads\/sites\/2\/2018\/06\/ProUni-696x464.jpg\"><img loading=\"lazy\" decoding=\"async\" aria-describedby=\"caption-attachment-12769\" class=\"wp-image-12769\" src=\"https:\/\/tvtecjundiai.com.br\/news\/wp-content\/uploads\/sites\/2\/2018\/06\/ProUni-696x464-300x200.jpg\" alt=\"\" width=\"400\" height=\"267\" srcset=\"https:\/\/tvtecjundiai.com.br\/news\/wp-content\/uploads\/sites\/2\/2018\/06\/ProUni-696x464-300x200.jpg 300w, https:\/\/tvtecjundiai.com.br\/news\/wp-content\/uploads\/sites\/2\/2018\/06\/ProUni-696x464.jpg 696w\" sizes=\"auto, (max-width: 400px) 100vw, 400px\" \/><\/a><p id=\"caption-attachment-12769\" class=\"wp-caption-text\">Resultados com a lista dos candidatos pr\u00e9-selecionados estar\u00e3o dispon\u00edveis a partir do dia\u00a02 de julho\u00a0para a primeira chamada<\/p><\/div>\n<p>As inscri\u00e7\u00f5es para o Programa Universidade para Todos (ProUni) come\u00e7am nesta ter\u00e7a (26) e v\u00e3o at\u00e9 sexta-feira (29). As inscri\u00e7\u00f5es s\u00e3o feitas exclusivamente pela internet, na\u00a0<a href=\"http:\/\/siteprouni.mec.gov.br\/\" target=\"_blank\" rel=\"noopener\">p\u00e1gina do programa<\/a>. Ao todo, neste processo seletivo, ser\u00e3o ofertadas 174.289 vagas, sendo 68.884 bolsas integrais e 105.405 parciais, em 1.460 institui\u00e7\u00f5es.\u00a0Para se candidatar, \u00e9 preciso\u00a0ter\u00a0feito o Exame Nacional do Ensino M\u00e9dio (Enem) de 2017,\u00a0ter\u00a0alcan\u00e7ado no m\u00ednimo 450 pontos e\u00a0ter\u00a0tido nota superior a zero na reda\u00e7\u00e3o.<\/p>\n<p>Na hora da inscri\u00e7\u00e3o, o candidato pode escolher at\u00e9 duas op\u00e7\u00f5es de institui\u00e7\u00e3o, curso e turno entre as bolsas dispon\u00edveis, de acordo com seu perfil.\u00a0Uma vez por dia, o sistema do Prouni calcula a nota de corte, que \u00e9 a menor para ficar entre os potencialmente pr\u00e9-selecionados de cada curso, com base no n\u00famero de bolsas dispon\u00edveis e no total de candidatos inscritos no curso, por modalidade de concorr\u00eancia.<\/p>\n<p>Podem participar alunos brasileiros sem curso superior e que tenham feito o ensino m\u00e9dio completo na rede p\u00fablica ou como bolsista integral na rede privada. Alunos que fizeram parte do ensino m\u00e9dio na rede p\u00fablica e a outra parte na rede privada, na condi\u00e7\u00e3o de bolsista, ou que sejam deficientes f\u00edsicos ou professores da rede p\u00fablica tamb\u00e9m podem solicitar uma bolsa.<\/p>\n<p>Os resultados com a lista dos candidatos pr\u00e9-selecionados estar\u00e3o dispon\u00edveis tamb\u00e9m na p\u00e1gina do ProUni, a partir do dia\u00a02 de julho\u00a0para a primeira chamada, e\u00a016 de julho\u00a0para a\u00a0segunda.<\/p>\n<p><em>(Fonte: Ag\u00eancia Brasil)<\/em><\/p>\n","protected":false},"excerpt":{"rendered":"<p>Para se candidatar \u00e9 preciso\u00a0ter\u00a0feito o Enem 2017<\/p>\n","protected":false},"author":10,"featured_media":12769,"comment_status":"closed","ping_status":"closed","sticky":false,"template":"","format":"standard","meta":{"footnotes":""},"categories":[2834,29,2828,1],"tags":[],"class_list":["post-12767","post","type-post","status-publish","format-standard","has-post-thumbnail","hentry","category-cidades","category-destaque","category-educacao","category-noticias"],"_links":{"self":[{"href":"https:\/\/tvtecjundiai.com.br\/news\/wp-json\/wp\/v2\/posts\/12767","targetHints":{"allow":["GET"]}}],"collection":[{"href":"https:\/\/tvtecjundiai.com.br\/news\/wp-json\/wp\/v2\/posts"}],"about":[{"href":"https:\/\/tvtecjundiai.com.br\/news\/wp-json\/wp\/v2\/types\/post"}],"author":[{"embeddable":true,"href":"https:\/\/tvtecjundiai.com.br\/news\/wp-json\/wp\/v2\/users\/10"}],"replies":[{"embeddable":true,"href":"https:\/\/tvtecjundiai.com.br\/news\/wp-json\/wp\/v2\/comments?post=12767"}],"version-history":[{"count":2,"href":"https:\/\/tvtecjundiai.com.br\/news\/wp-json\/wp\/v2\/posts\/12767\/revisions"}],"predecessor-version":[{"id":12770,"href":"https:\/\/tvtecjundiai.com.br\/news\/wp-json\/wp\/v2\/posts\/12767\/revisions\/12770"}],"wp:featuredmedia":[{"embeddable":true,"href":"https:\/\/tvtecjundiai.com.br\/news\/wp-json\/wp\/v2\/media\/12769"}],"wp:attachment":[{"href":"https:\/\/tvtecjundiai.com.br\/news\/wp-json\/wp\/v2\/media?parent=12767"}],"wp:term":[{"taxonomy":"category","embeddable":true,"href":"https:\/\/tvtecjundiai.com.br\/news\/wp-json\/wp\/v2\/categories?post=12767"},{"taxonomy":"post_tag","embeddable":true,"href":"https:\/\/tvtecjundiai.com.br\/news\/wp-json\/wp\/v2\/tags?post=12767"}],"curies":[{"name":"wp","href":"https:\/\/api.w.org\/{rel}","templated":true}]}}