{"id":127713,"date":"2025-05-16T08:27:14","date_gmt":"2025-05-16T11:27:14","guid":{"rendered":"https:\/\/tvtecjundiai.com.br\/news\/?p=127713"},"modified":"2025-05-16T09:09:19","modified_gmt":"2025-05-16T12:09:19","slug":"jundiai-realiza-conferencia-municipal-de-promocao-da-igualdade-racial-nesta-sexta-16","status":"publish","type":"post","link":"https:\/\/tvtecjundiai.com.br\/news\/2025\/05\/16\/jundiai-realiza-conferencia-municipal-de-promocao-da-igualdade-racial-nesta-sexta-16\/","title":{"rendered":"Jundia\u00ed realiza Confer\u00eancia Municipal de Promo\u00e7\u00e3o da Igualdade Racial nesta sexta (16)"},"content":{"rendered":"\n<p>A Confer\u00eancia Municipal de Promo\u00e7\u00e3o da Igualdade Racial de Jundia\u00ed tem in\u00edcio nesta sexta-feira (16), a partir das 18h30 no Espa\u00e7o Expressa. A iniciativa reafirma o compromisso do munic\u00edpio com a justi\u00e7a social e o enfrentamento ao racismo.<\/p>\n\n\n\n<p>Realizado a cada dois anos, o evento \u00e9 promovido pela Prefeitura de Jundia\u00ed, em parceria com a sociedade civil e o Conselho Municipal de Participa\u00e7\u00e3o e Desenvolvimento da Comunidade Negra. A confer\u00eancia faz parte de uma mobiliza\u00e7\u00e3o nacional coordenada pelo Minist\u00e9rio da Igualdade Racial.<\/p>\n\n\n\n<p><a href=\"https:\/\/www.youtube.com\/watch?v=XLW8aKYApG8&amp;t=1810s\" data-type=\"link\" data-id=\"https:\/\/www.youtube.com\/watch?v=XLW8aKYApG8&amp;t=1810s\">Na edi\u00e7\u00e3o desta quinta-feira (15) do TEC NEWS<\/a>, a presidente do Conselho, Andr\u00e9a Pereira, destacou a import\u00e2ncia da confer\u00eancia como instrumento de escuta ativa das demandas da sociedade civil. Segundo ela, o encontro permite avaliar o que j\u00e1 foi implantado no munic\u00edpio e, ao mesmo tempo, construir novas pol\u00edticas p\u00fablicas voltadas \u00e0 popula\u00e7\u00e3o negra, parda e quilombola de Jundia\u00ed.<\/p>\n\n\n\n<figure class=\"wp-block-image size-full\"><img loading=\"lazy\" decoding=\"async\" width=\"1168\" height=\"571\" src=\"https:\/\/tvtecjundiai.com.br\/news\/wp-content\/uploads\/sites\/2\/2025\/05\/Capturar-15.jpg\" alt=\"\" class=\"wp-image-127714\" srcset=\"https:\/\/tvtecjundiai.com.br\/news\/wp-content\/uploads\/sites\/2\/2025\/05\/Capturar-15.jpg 1168w, https:\/\/tvtecjundiai.com.br\/news\/wp-content\/uploads\/sites\/2\/2025\/05\/Capturar-15-300x147.jpg 300w, https:\/\/tvtecjundiai.com.br\/news\/wp-content\/uploads\/sites\/2\/2025\/05\/Capturar-15-768x375.jpg 768w\" sizes=\"auto, (max-width: 1168px) 100vw, 1168px\" \/><figcaption class=\"wp-element-caption\">Presidente do Conselho Municipal de Participa\u00e7\u00e3o e Desenvolvimento da Comunidade Negra, Andr\u00e9a Pereira<\/figcaption><\/figure>\n\n\n\n<p><\/p>\n\n\n\n<p><strong>Programa\u00e7\u00e3o:<\/strong><\/p>\n\n\n\n<p><strong>Local:<\/strong> Espa\u00e7o Expressa \u2013 Av. Uni\u00e3o dos Ferrovi\u00e1rios, 1760 \u2013 Pte. de Campinas<\/p>\n\n\n\n<ul class=\"wp-block-list\">\n<li><strong>Etapa Municipal:<\/strong><br>\u25aa 16\/05 (quinta-feira), das 18h30 \u00e0s 21h30<br>\u25aa 17\/05 (sexta-feira), das 8h \u00e0s 18h<\/li>\n\n\n\n<li><strong>Etapa Regional:<\/strong><br>\u25aa 30\/05 (quinta-feira), das 18h30 \u00e0s 21h30<br>\u25aa 31\/05 (sexta-feira), das 8h \u00e0s 18h<\/li>\n<\/ul>\n\n\n\n<p><\/p>\n\n\n\n<p><\/p>\n\n\n\n<p>Fonte: Vinicius Nascimento \/ Imagem: Arquivo TVTEC<\/p>\n\n\n\n<p><\/p>\n","protected":false},"excerpt":{"rendered":"<p>Evento refor\u00e7a escuta ativa da sociedade civil e prop\u00f5e novas pol\u00edticas p\u00fablicas para a popula\u00e7\u00e3o negra, parda e quilombola.<\/p>\n","protected":false},"author":24,"featured_media":127715,"comment_status":"open","ping_status":"0","sticky":false,"template":"","format":"standard","meta":{"footnotes":""},"categories":[29,8419,8429,5706,8356],"tags":[],"class_list":["post-127713","post","type-post","status-publish","format-standard","has-post-thumbnail","hentry","category-destaque","category-direitos-humanos","category-eventos","category-inclusao","category-jundiai"],"_links":{"self":[{"href":"https:\/\/tvtecjundiai.com.br\/news\/wp-json\/wp\/v2\/posts\/127713","targetHints":{"allow":["GET"]}}],"collection":[{"href":"https:\/\/tvtecjundiai.com.br\/news\/wp-json\/wp\/v2\/posts"}],"about":[{"href":"https:\/\/tvtecjundiai.com.br\/news\/wp-json\/wp\/v2\/types\/post"}],"author":[{"embeddable":true,"href":"https:\/\/tvtecjundiai.com.br\/news\/wp-json\/wp\/v2\/users\/24"}],"replies":[{"embeddable":true,"href":"https:\/\/tvtecjundiai.com.br\/news\/wp-json\/wp\/v2\/comments?post=127713"}],"version-history":[{"count":1,"href":"https:\/\/tvtecjundiai.com.br\/news\/wp-json\/wp\/v2\/posts\/127713\/revisions"}],"predecessor-version":[{"id":127716,"href":"https:\/\/tvtecjundiai.com.br\/news\/wp-json\/wp\/v2\/posts\/127713\/revisions\/127716"}],"wp:featuredmedia":[{"embeddable":true,"href":"https:\/\/tvtecjundiai.com.br\/news\/wp-json\/wp\/v2\/media\/127715"}],"wp:attachment":[{"href":"https:\/\/tvtecjundiai.com.br\/news\/wp-json\/wp\/v2\/media?parent=127713"}],"wp:term":[{"taxonomy":"category","embeddable":true,"href":"https:\/\/tvtecjundiai.com.br\/news\/wp-json\/wp\/v2\/categories?post=127713"},{"taxonomy":"post_tag","embeddable":true,"href":"https:\/\/tvtecjundiai.com.br\/news\/wp-json\/wp\/v2\/tags?post=127713"}],"curies":[{"name":"wp","href":"https:\/\/api.w.org\/{rel}","templated":true}]}}