{"id":127731,"date":"2025-05-16T14:17:21","date_gmt":"2025-05-16T17:17:21","guid":{"rendered":"https:\/\/tvtecjundiai.com.br\/news\/?p=127731"},"modified":"2025-05-16T14:18:29","modified_gmt":"2025-05-16T17:18:29","slug":"jundiai-participa-da-abertura-do-jomi-2025-em-cerquilho-com-130-atletas","status":"publish","type":"post","link":"https:\/\/tvtecjundiai.com.br\/news\/2025\/05\/16\/jundiai-participa-da-abertura-do-jomi-2025-em-cerquilho-com-130-atletas\/","title":{"rendered":"Jundia\u00ed participa da abertura do JOMI 2025 com 130 atletas"},"content":{"rendered":"\n<p>A cerim\u00f4nia de abertura dos Jogos da Melhor Idade (JOMI) ser\u00e1 realizada nesta ter\u00e7a-feira (20), \u00e0s 15h, em Cerquilho (SP). Jundia\u00ed estar\u00e1 representada por 130 atletas do Programa Esporte Maior, da Unidade de Gest\u00e3o de Esporte e Lazer (UGEL).<\/p>\n\n\n\n<figure class=\"wp-block-image size-large\"><img loading=\"lazy\" decoding=\"async\" width=\"1200\" height=\"801\" src=\"https:\/\/tvtecjundiai.com.br\/news\/wp-content\/uploads\/sites\/2\/2025\/05\/reuniao_jomi-34-1280x854-2-1200x801.jpg\" alt=\"\" class=\"wp-image-127734\" srcset=\"https:\/\/tvtecjundiai.com.br\/news\/wp-content\/uploads\/sites\/2\/2025\/05\/reuniao_jomi-34-1280x854-2-1200x801.jpg 1200w, https:\/\/tvtecjundiai.com.br\/news\/wp-content\/uploads\/sites\/2\/2025\/05\/reuniao_jomi-34-1280x854-2-300x200.jpg 300w, https:\/\/tvtecjundiai.com.br\/news\/wp-content\/uploads\/sites\/2\/2025\/05\/reuniao_jomi-34-1280x854-2-768x512.jpg 768w, https:\/\/tvtecjundiai.com.br\/news\/wp-content\/uploads\/sites\/2\/2025\/05\/reuniao_jomi-34-1280x854-2.jpg 1280w\" sizes=\"auto, (max-width: 1200px) 100vw, 1200px\" \/><figcaption class=\"wp-element-caption\">A delega\u00e7\u00e3o foi recepcionada na \u00faltima segunda-feira (12) pelo prefeito Gustavo Martinelli, no Pa\u00e7o Municipal.<\/figcaption><\/figure>\n\n\n\n<p>Os atletas disputar\u00e3o 15 modalidades esportivas, com apoio do Fundo Social de Solidariedade (FUNSS) e do Conselho Municipal da Pessoa Idosa (COMDIPI). Nesta fase regional, Jundia\u00ed compete ao lado de outras 36 delega\u00e7\u00f5es. As duas melhores equipes de cada modalidade garantem vaga na pr\u00f3xima etapa do torneio<\/p>\n\n\n\n<p>Fonte \/ Imagem: Prefeitura de Jundia\u00ed<\/p>\n","protected":false},"excerpt":{"rendered":"<p>A cerim\u00f4nia de abertura ser\u00e1 realizada nesta ter\u00e7a-feira (20), \u00e0s 15h, em Cerquilho (SP).<\/p>\n","protected":false},"author":24,"featured_media":127733,"comment_status":"open","ping_status":"0","sticky":false,"template":"","format":"standard","meta":{"footnotes":""},"categories":[2834,29,2827,8429,8409,5706,8356,8354],"tags":[],"class_list":["post-127731","post","type-post","status-publish","format-standard","has-post-thumbnail","hentry","category-cidades","category-destaque","category-esportes-e-lazer","category-eventos","category-funss","category-inclusao","category-jundiai","category-lazer"],"_links":{"self":[{"href":"https:\/\/tvtecjundiai.com.br\/news\/wp-json\/wp\/v2\/posts\/127731","targetHints":{"allow":["GET"]}}],"collection":[{"href":"https:\/\/tvtecjundiai.com.br\/news\/wp-json\/wp\/v2\/posts"}],"about":[{"href":"https:\/\/tvtecjundiai.com.br\/news\/wp-json\/wp\/v2\/types\/post"}],"author":[{"embeddable":true,"href":"https:\/\/tvtecjundiai.com.br\/news\/wp-json\/wp\/v2\/users\/24"}],"replies":[{"embeddable":true,"href":"https:\/\/tvtecjundiai.com.br\/news\/wp-json\/wp\/v2\/comments?post=127731"}],"version-history":[{"count":2,"href":"https:\/\/tvtecjundiai.com.br\/news\/wp-json\/wp\/v2\/posts\/127731\/revisions"}],"predecessor-version":[{"id":127736,"href":"https:\/\/tvtecjundiai.com.br\/news\/wp-json\/wp\/v2\/posts\/127731\/revisions\/127736"}],"wp:featuredmedia":[{"embeddable":true,"href":"https:\/\/tvtecjundiai.com.br\/news\/wp-json\/wp\/v2\/media\/127733"}],"wp:attachment":[{"href":"https:\/\/tvtecjundiai.com.br\/news\/wp-json\/wp\/v2\/media?parent=127731"}],"wp:term":[{"taxonomy":"category","embeddable":true,"href":"https:\/\/tvtecjundiai.com.br\/news\/wp-json\/wp\/v2\/categories?post=127731"},{"taxonomy":"post_tag","embeddable":true,"href":"https:\/\/tvtecjundiai.com.br\/news\/wp-json\/wp\/v2\/tags?post=127731"}],"curies":[{"name":"wp","href":"https:\/\/api.w.org\/{rel}","templated":true}]}}