{"id":127796,"date":"2025-05-19T13:20:12","date_gmt":"2025-05-19T16:20:12","guid":{"rendered":"https:\/\/tvtecjundiai.com.br\/news\/?p=127796"},"modified":"2025-05-20T09:23:01","modified_gmt":"2025-05-20T12:23:01","slug":"escritora-jundiaiense-ana-maria-martins-lanca-romance-amores-em-vidas-no-paineiras-shopping1","status":"publish","type":"post","link":"https:\/\/tvtecjundiai.com.br\/news\/2025\/05\/19\/escritora-jundiaiense-ana-maria-martins-lanca-romance-amores-em-vidas-no-paineiras-shopping1\/","title":{"rendered":"Escritora jundiaiense Ana Maria Martins lan\u00e7a romance \u201cAmores em Vidas\u201d no Paineiras Shopping"},"content":{"rendered":"\n<p>A escritora jundiaiense Ana Maria Martins convida leitores e admiradores da literatura rom\u00e2ntica para o lan\u00e7amento de seu novo livro, \u201cAmores em Vidas\u201d, no pr\u00f3ximo dia 24 de maio (s\u00e1bado), \u00e0s 15h, no piso t\u00e9rreo do Paineiras Shopping, em Jundia\u00ed. O evento contar\u00e1 com sess\u00e3o de aut\u00f3grafos e um bate-papo com a autora, que promete emocionar o p\u00fablico com uma hist\u00f3ria que ultrapassa os limites do tempo. A obra marca o primeiro livro impresso da autora.<\/p>\n\n\n\n<figure class=\"wp-block-image size-full is-resized\"><img loading=\"lazy\" decoding=\"async\" width=\"630\" height=\"906\" src=\"https:\/\/tvtecjundiai.com.br\/news\/wp-content\/uploads\/sites\/2\/2025\/05\/374186a8-9b9a-4e0b-ad7f-cce859086125.jpg\" alt=\"\" class=\"wp-image-127797\" style=\"width:840px;height:auto\" srcset=\"https:\/\/tvtecjundiai.com.br\/news\/wp-content\/uploads\/sites\/2\/2025\/05\/374186a8-9b9a-4e0b-ad7f-cce859086125.jpg 630w, https:\/\/tvtecjundiai.com.br\/news\/wp-content\/uploads\/sites\/2\/2025\/05\/374186a8-9b9a-4e0b-ad7f-cce859086125-300x431.jpg 300w\" sizes=\"auto, (max-width: 630px) 100vw, 630px\" \/><figcaption class=\"wp-element-caption\">Ana Maria Martins convida leitores e admiradores da literatura rom\u00e2ntica para o lan\u00e7amento de seu novo livro<\/figcaption><\/figure>\n\n\n\n<p>Fruto de tr\u00eas anos e meio de trabalho intenso, entre pesquisas, mentorias e oficinas de escrita, Amores em Vidas \u00e9 descrito por Ana Maria como um dos projetos mais importantes de sua trajet\u00f3ria pessoal e liter\u00e1ria. \u201cDesejo que cada leitor viva a hist\u00f3ria \u00e0 sua maneira e acredite que os amores resistem ao tempo. O fim n\u00e3o existe: tudo \u00e9 um eterno recome\u00e7o\u201d, afirma.<\/p>\n\n\n\n<p>Com ambienta\u00e7\u00f5es que percorrem diferentes \u00e9pocas, o romance tem in\u00edcio em 1707, nas Terras Altas da Esc\u00f3cia, onde a jovem Deirdre McGordon conhece Logan McGrant e, de forma misteriosa, sente como se j\u00e1 o amasse h\u00e1 s\u00e9culos. Movida por esse sentimento ancestral, ela mergulha em segredos familiares escondidos por quase setenta anos, dando in\u00edcio a uma jornada de reencontros, espiritualidade e descobertas profundas.<\/p>\n\n\n\n<p>&#8220;Amores em Vidas&#8221; \u00e9 uma narrativa sens\u00edvel sobre amores que atravessam gera\u00e7\u00f5es, vidas passadas e os desafios da exist\u00eancia humana, abordando temas como f\u00e9, perd\u00e3o e destino. Um convite \u00e0 reflex\u00e3o sobre o poder transformador do amor em todas as suas formas. Al\u00e9m do lan\u00e7amento do livro impresso, que j\u00e1 est\u00e1 com vendas antecipadas abertas via Instagram, Ana Maria prepara o lan\u00e7amento da vers\u00e3o digital (e-book), que estar\u00e1 dispon\u00edvel a partir de 24 de maio na Amazon. O exemplar f\u00edsico custa R$ 55,90 + frete.<\/p>\n\n\n\n<p>A escritora, que tamb\u00e9m integra a Academia Cassiense de Letras, na cidade mineira de C\u00e1ssia-MG, est\u00e1 atualmente envolvida em novos projetos liter\u00e1rios: seu segundo romance de \u00e9poca, ambientado no sul do Brasil, e uma colet\u00e2nea de contos. Ana Maria tamb\u00e9m cultiva outra paix\u00e3o: a produ\u00e7\u00e3o de caf\u00e9s artesanais, \u00e0 frente do projeto Meu Caf\u00e9 em Flor, combinando o amor pelas palavras com o cuidado na arte de fazer caf\u00e9.<\/p>\n\n\n\n<figure class=\"wp-block-image size-large is-resized\"><img loading=\"lazy\" decoding=\"async\" width=\"540\" height=\"960\" src=\"https:\/\/tvtecjundiai.com.br\/news\/wp-content\/uploads\/sites\/2\/2025\/05\/c036bb04-ca71-4b61-8ec9-292623c17c4d-540x960.jpg\" alt=\"\" class=\"wp-image-127798\" style=\"width:840px;height:auto\" srcset=\"https:\/\/tvtecjundiai.com.br\/news\/wp-content\/uploads\/sites\/2\/2025\/05\/c036bb04-ca71-4b61-8ec9-292623c17c4d-540x960.jpg 540w, https:\/\/tvtecjundiai.com.br\/news\/wp-content\/uploads\/sites\/2\/2025\/05\/c036bb04-ca71-4b61-8ec9-292623c17c4d-281x500.jpg 281w, https:\/\/tvtecjundiai.com.br\/news\/wp-content\/uploads\/sites\/2\/2025\/05\/c036bb04-ca71-4b61-8ec9-292623c17c4d-768x1366.jpg 768w, https:\/\/tvtecjundiai.com.br\/news\/wp-content\/uploads\/sites\/2\/2025\/05\/c036bb04-ca71-4b61-8ec9-292623c17c4d-864x1536.jpg 864w, https:\/\/tvtecjundiai.com.br\/news\/wp-content\/uploads\/sites\/2\/2025\/05\/c036bb04-ca71-4b61-8ec9-292623c17c4d-1152x2048.jpg 1152w, https:\/\/tvtecjundiai.com.br\/news\/wp-content\/uploads\/sites\/2\/2025\/05\/c036bb04-ca71-4b61-8ec9-292623c17c4d.jpg 1280w\" sizes=\"auto, (max-width: 540px) 100vw, 540px\" \/><figcaption class=\"wp-element-caption\">A escritora integra a Academia Cassiense de Letras, na cidade mineira de C\u00e1ssia-MG<\/figcaption><\/figure>\n\n\n\n<p><\/p>\n\n\n\n<p><strong>Servi\u00e7o:<\/strong><\/p>\n\n\n\n<p>Lan\u00e7amento do livro \u201cAmores em Vidas\u201d \u2013 Ana Maria Martins<\/p>\n\n\n\n<p>\ud83d\udcc5 Data: 24 de maio de 2025 (s\u00e1bado)<\/p>\n\n\n\n<p>\ud83d\udd52 Hor\u00e1rio: 15h<\/p>\n\n\n\n<p>\ud83d\udccd Local: Paineiras Shopping \u2013 Piso t\u00e9rreo<\/p>\n\n\n\n<p>\ud83d\udcda Entrada gratuita<\/p>\n\n\n\n<p>Informa\u00e7\u00f5es e pedidos:<\/p>\n\n\n\n<p>Instagram: @anamariamartinsescritora<\/p>\n\n\n\n<p><strong>Assessoria de Imprensa<\/strong>:<\/p>\n\n\n\n<p>Vinicius Whitehead Merli \u2013 11 97364-4140<\/p>\n\n\n\n<p>Fonte \/ Imagem: Assessoria de Imprensa<\/p>\n\n\n\n<p><\/p>\n","protected":false},"excerpt":{"rendered":"<p>O lan\u00e7amento ocorre no pr\u00f3ximo dia 24 de maio (s\u00e1bado), \u00e0s 15h, no piso t\u00e9rreo do Paineiras Shopping, em Jundia\u00ed.<\/p>\n","protected":false},"author":24,"featured_media":127838,"comment_status":"open","ping_status":"0","sticky":false,"template":"","format":"standard","meta":{"footnotes":""},"categories":[2833,8429,8356],"tags":[],"class_list":["post-127796","post","type-post","status-publish","format-standard","has-post-thumbnail","hentry","category-cultura","category-eventos","category-jundiai"],"_links":{"self":[{"href":"https:\/\/tvtecjundiai.com.br\/news\/wp-json\/wp\/v2\/posts\/127796","targetHints":{"allow":["GET"]}}],"collection":[{"href":"https:\/\/tvtecjundiai.com.br\/news\/wp-json\/wp\/v2\/posts"}],"about":[{"href":"https:\/\/tvtecjundiai.com.br\/news\/wp-json\/wp\/v2\/types\/post"}],"author":[{"embeddable":true,"href":"https:\/\/tvtecjundiai.com.br\/news\/wp-json\/wp\/v2\/users\/24"}],"replies":[{"embeddable":true,"href":"https:\/\/tvtecjundiai.com.br\/news\/wp-json\/wp\/v2\/comments?post=127796"}],"version-history":[{"count":2,"href":"https:\/\/tvtecjundiai.com.br\/news\/wp-json\/wp\/v2\/posts\/127796\/revisions"}],"predecessor-version":[{"id":127839,"href":"https:\/\/tvtecjundiai.com.br\/news\/wp-json\/wp\/v2\/posts\/127796\/revisions\/127839"}],"wp:featuredmedia":[{"embeddable":true,"href":"https:\/\/tvtecjundiai.com.br\/news\/wp-json\/wp\/v2\/media\/127838"}],"wp:attachment":[{"href":"https:\/\/tvtecjundiai.com.br\/news\/wp-json\/wp\/v2\/media?parent=127796"}],"wp:term":[{"taxonomy":"category","embeddable":true,"href":"https:\/\/tvtecjundiai.com.br\/news\/wp-json\/wp\/v2\/categories?post=127796"},{"taxonomy":"post_tag","embeddable":true,"href":"https:\/\/tvtecjundiai.com.br\/news\/wp-json\/wp\/v2\/tags?post=127796"}],"curies":[{"name":"wp","href":"https:\/\/api.w.org\/{rel}","templated":true}]}}