{"id":127855,"date":"2025-05-20T13:23:30","date_gmt":"2025-05-20T16:23:30","guid":{"rendered":"https:\/\/tvtecjundiai.com.br\/news\/?p=127855"},"modified":"2025-05-20T13:23:30","modified_gmt":"2025-05-20T16:23:30","slug":"sala-de-cinema-do-expressa-recebe-oficina-gratuita-sobre-roteiro-neste-sabado-24","status":"publish","type":"post","link":"https:\/\/tvtecjundiai.com.br\/news\/2025\/05\/20\/sala-de-cinema-do-expressa-recebe-oficina-gratuita-sobre-roteiro-neste-sabado-24\/","title":{"rendered":"Sala de cinema do Expressa recebe oficina gratuita sobre roteiro neste s\u00e1bado (24)"},"content":{"rendered":"\n<p>A Sala S\u00e3o Paulo-Minas de cinema do Espa\u00e7o Expressa recebe neste s\u00e1bado (24) a oficina gratuita \u201cComo um roteirista constr\u00f3i uma hist\u00f3ria\u201d. Com media\u00e7\u00e3o do roteirista e produtor de conte\u00fado audiovisual Andr\u00e9 Pacano, a atividade gratuita come\u00e7a \u00e0s 10h e \u00e9 mais uma realiza\u00e7\u00e3o da parceria da Unidade de Gest\u00e3o de Cultura com o projeto Pontos MIS, da Secretaria de Cultura, Economia e Ind\u00fastria Criativas do Governo do Estado de S\u00e3o Paulo.<\/p>\n\n\n\n<p>No total,\u00a0<a href=\"https:\/\/docs.google.com\/forms\/d\/e\/1FAIpQLSdZ-WiWM_JzAC3uSYB53euReVRslTD2rjDC1PXPWw7LShz2Mw\/viewform\" target=\"_blank\" rel=\"noreferrer noopener\">ser\u00e3o disponibilizadas 40 vagas gratuitas, para os interessados inscritos previamente por meio de formul\u00e1rio on-line<\/a>, e selecionados por ordem de inscri\u00e7\u00e3o. A atividade tem classifica\u00e7\u00e3o et\u00e1ria para maiores de 10 anos, com foco em pr\u00e9-adolescentes (de at\u00e9 14 anos) e demais interessados em geral.<\/p>\n\n\n\n<figure class=\"wp-block-image\"><a class=\"fancybox image\" href=\"https:\/\/jundiai.sp.gov.br\/noticias\/wp-content\/uploads\/sites\/32\/2025\/05\/andre_pacano.jpg\"><img decoding=\"async\" src=\"https:\/\/jundiai.sp.gov.br\/noticias\/wp-content\/uploads\/sites\/32\/2025\/05\/andre_pacano.jpg\" alt=\"\" class=\"wp-image-358405\" \/><\/a><figcaption class=\"wp-element-caption\">Media\u00e7\u00e3o da atividade na Sala S\u00e3o Paulo-Minas de cinema ficar\u00e1 por conta do roteirista e produtor de conte\u00fado audiovisual Andr\u00e9 Pacano<\/figcaption><\/figure>\n\n\n\n<p>Com base nos livros \u201cO her\u00f3i de mil faces\u201d, \u201cA jornada do escritor\u201d, \u201cSave the cat\u201d e outros, a oficina se prop\u00f5e a ensinar aos alunos o conceito de estrutura narrativa, que funciona para roteiristas profissionais e iniciantes, que desejam desenvolver hist\u00f3rias para cinema, TV e outros formatos, como literatura, teatro, HQ, games e outros. &nbsp;<\/p>\n\n\n\n<p>Na primeira metade da oficina, ser\u00e3o abordados temas como o conceito de narrativa cl\u00e1ssica, Jornada do Her\u00f3i e os principais pontos estruturais de uma hist\u00f3ria: o Mundo Comum, o Chamado \u00e0 Aventura e os Pontos de Virada, com ilustra\u00e7\u00e3o da teoria a partir de exemplos do cinema e da TV. Ao final da parte te\u00f3rica, os alunos v\u00e3o entender como construir uma estrutura narrativa para qualquer hist\u00f3ria. Em seguida, vir\u00e1 a parte pr\u00e1tica, com a exibi\u00e7\u00e3o de exemplos na \u00edntegra de narrativas para a identifica\u00e7\u00e3o dos principais pontos estruturais estudados e a discuss\u00e3o de cada ponto do filme ou s\u00e9rie analisados.<\/p>\n\n\n\n<p>Os participantes ir\u00e3o desenvolver tamb\u00e9m a estrutura narrativa de uma hist\u00f3ria autoral, com o professor dispon\u00edvel para dar consultoria ao projeto, tirar d\u00favidas e aprofundar os conceitos de sua pr\u00f3pria hist\u00f3ria. Ao final da oficina, o aluno ter\u00e1 entendido o conceito te\u00f3rico da estrutura narrativa, e aplicado na pr\u00e1tica tanto na an\u00e1lise de um filme\/s\u00e9rie, quanto na cria\u00e7\u00e3o de sua pr\u00f3pria hist\u00f3ria.<\/p>\n\n\n\n<p>A programa\u00e7\u00e3o completa das exibi\u00e7\u00f5es gratuitas de filmes, oficinas, palestras, exposi\u00e7\u00f5es e forma\u00e7\u00e3o em gest\u00e3o cultural pelo projeto Pontos MIS pode ser&nbsp;<a href=\"https:\/\/cultura.jundiai.sp.gov.br\/eventos\/tag\/pontos-mis\/\" target=\"_blank\" rel=\"noreferrer noopener\">conferida na Agenda Cultural<\/a>.<\/p>\n\n\n\n<p>O Espa\u00e7o Expressa fica na avenida Uni\u00e3o dos Ferrovi\u00e1rios, 1760 (antigo Complexo Fepasa).<\/p>\n\n\n\n<p>Fonte \/ Imagem: Prefeitura de Jundia\u00ed<\/p>\n","protected":false},"excerpt":{"rendered":"<p>A programa\u00e7\u00e3o completa das exibi\u00e7\u00f5es gratuitas de filmes, oficinas, palestras, exposi\u00e7\u00f5es e forma\u00e7\u00e3o em gest\u00e3o cultural pelo projeto Pontos MIS pode ser\u00a0conferida na Agenda Cultural.<\/p>\n","protected":false},"author":24,"featured_media":127856,"comment_status":"open","ping_status":"0","sticky":false,"template":"","format":"standard","meta":{"footnotes":""},"categories":[2833,8429,8356],"tags":[],"class_list":["post-127855","post","type-post","status-publish","format-standard","has-post-thumbnail","hentry","category-cultura","category-eventos","category-jundiai"],"_links":{"self":[{"href":"https:\/\/tvtecjundiai.com.br\/news\/wp-json\/wp\/v2\/posts\/127855","targetHints":{"allow":["GET"]}}],"collection":[{"href":"https:\/\/tvtecjundiai.com.br\/news\/wp-json\/wp\/v2\/posts"}],"about":[{"href":"https:\/\/tvtecjundiai.com.br\/news\/wp-json\/wp\/v2\/types\/post"}],"author":[{"embeddable":true,"href":"https:\/\/tvtecjundiai.com.br\/news\/wp-json\/wp\/v2\/users\/24"}],"replies":[{"embeddable":true,"href":"https:\/\/tvtecjundiai.com.br\/news\/wp-json\/wp\/v2\/comments?post=127855"}],"version-history":[{"count":1,"href":"https:\/\/tvtecjundiai.com.br\/news\/wp-json\/wp\/v2\/posts\/127855\/revisions"}],"predecessor-version":[{"id":127857,"href":"https:\/\/tvtecjundiai.com.br\/news\/wp-json\/wp\/v2\/posts\/127855\/revisions\/127857"}],"wp:featuredmedia":[{"embeddable":true,"href":"https:\/\/tvtecjundiai.com.br\/news\/wp-json\/wp\/v2\/media\/127856"}],"wp:attachment":[{"href":"https:\/\/tvtecjundiai.com.br\/news\/wp-json\/wp\/v2\/media?parent=127855"}],"wp:term":[{"taxonomy":"category","embeddable":true,"href":"https:\/\/tvtecjundiai.com.br\/news\/wp-json\/wp\/v2\/categories?post=127855"},{"taxonomy":"post_tag","embeddable":true,"href":"https:\/\/tvtecjundiai.com.br\/news\/wp-json\/wp\/v2\/tags?post=127855"}],"curies":[{"name":"wp","href":"https:\/\/api.w.org\/{rel}","templated":true}]}}