{"id":128174,"date":"2025-05-28T09:36:08","date_gmt":"2025-05-28T12:36:08","guid":{"rendered":"https:\/\/tvtecjundiai.com.br\/news\/?p=128174"},"modified":"2025-05-28T09:36:08","modified_gmt":"2025-05-28T12:36:08","slug":"cia-jovem-de-danca-apresenta-pedro-e-o-lobo-na-fabrica-das-infancias-japy-neste-domingo-01","status":"publish","type":"post","link":"https:\/\/tvtecjundiai.com.br\/news\/2025\/05\/28\/cia-jovem-de-danca-apresenta-pedro-e-o-lobo-na-fabrica-das-infancias-japy-neste-domingo-01\/","title":{"rendered":"Cia. Jovem de Dan\u00e7a apresenta \u2018Pedro e o Lobo\u2019 na F\u00e1brica das Inf\u00e2ncias Japy neste domingo (01)"},"content":{"rendered":"\n<p>A F\u00e1brica das Inf\u00e2ncias Japy recebe neste domingo (01), a partir das 10h30, a apresenta\u00e7\u00e3o de \u201cPedro e o Lobo\u201d com a Cia. Jovem de Dan\u00e7a de Jundia\u00ed, um dos corpos art\u00edsticos municipais ligados \u00e0 Unidade de Gest\u00e3o de Cultura (UGC) da Prefeitura. A apresenta\u00e7\u00e3o tem entrada gratuita e por ordem de chegada.<\/p>\n\n\n\n<p>A obra mais importante do mundo sinf\u00f4nico para crian\u00e7as, \u201cPedro e o Lobo\u201d foi composta pelo russo Seguei Prokofiev e conta a hist\u00f3ria de Pedro, que mora com seu av\u00f4 em uma casa pr\u00f3xima \u00e0 floresta. Certa manh\u00e3, Pedro sai para passear e \u00e9 seguido pela pata, pelo passarinho e pelo gato, seus amigos. Preocupado, o av\u00f4 de Pedro o repreende por temer a presen\u00e7a do lobo na floresta. Mas Pedro desobedece a seu av\u00f4 e sai \u00e0 ca\u00e7a do lobo juntamente com seus amigos. Por fim, ele se transforma num her\u00f3i: prende o lobo e desfila com a presa num grande cortejo.<\/p>\n\n\n\n<p>O espet\u00e1culo tem dura\u00e7\u00e3o de cerca de 30 minutos e classifica\u00e7\u00e3o indicativa sugerida para crian\u00e7as maiores de quatro anos.<\/p>\n\n\n\n<p>A F\u00e1brica das Inf\u00e2ncias Japy fica na rua Lacerda Franco, 175 \u2013 vila Arens.<\/p>\n\n\n\n<figure class=\"wp-block-image\"><a class=\"fancybox image\" href=\"https:\/\/jundiai.sp.gov.br\/noticias\/wp-content\/uploads\/sites\/32\/2025\/05\/cia-jovem-de-danca-espetaculo-pedro-e-o-lobo_fm_-257-1280x854.jpg\"><img decoding=\"async\" src=\"https:\/\/jundiai.sp.gov.br\/noticias\/wp-content\/uploads\/sites\/32\/2025\/05\/cia-jovem-de-danca-espetaculo-pedro-e-o-lobo_fm_-257-1280x854.jpg\" alt=\"\" class=\"wp-image-358967\" \/><\/a><figcaption class=\"wp-element-caption\">Cia. Jovem de Dan\u00e7a \u00e9 um dos corpos art\u00edsticos municipais ligados \u00e0 Unidade de Gest\u00e3o de Cultura (UGC)<\/figcaption><\/figure>\n\n\n\n<p><\/p>\n\n\n\n<p>Fonte \/ Imagem: Prefeitura de Jundia\u00ed<\/p>\n","protected":false},"excerpt":{"rendered":"<p>A F\u00e1brica das Inf\u00e2ncias Japy recebe neste domingo (01), a partir das 10h30, a apresenta\u00e7\u00e3o de \u201cPedro e o Lobo\u201d com a Cia. Jovem de Dan\u00e7a de Jundia\u00ed, um dos corpos art\u00edsticos municipais ligados \u00e0 Unidade de Gest\u00e3o de Cultura (UGC) da Prefeitura. A apresenta\u00e7\u00e3o tem entrada gratuita e por ordem de chegada.<\/p>\n","protected":false},"author":24,"featured_media":128175,"comment_status":"open","ping_status":"0","sticky":false,"template":"","format":"standard","meta":{"footnotes":""},"categories":[2833,8356,8354],"tags":[],"class_list":["post-128174","post","type-post","status-publish","format-standard","has-post-thumbnail","hentry","category-cultura","category-jundiai","category-lazer"],"_links":{"self":[{"href":"https:\/\/tvtecjundiai.com.br\/news\/wp-json\/wp\/v2\/posts\/128174","targetHints":{"allow":["GET"]}}],"collection":[{"href":"https:\/\/tvtecjundiai.com.br\/news\/wp-json\/wp\/v2\/posts"}],"about":[{"href":"https:\/\/tvtecjundiai.com.br\/news\/wp-json\/wp\/v2\/types\/post"}],"author":[{"embeddable":true,"href":"https:\/\/tvtecjundiai.com.br\/news\/wp-json\/wp\/v2\/users\/24"}],"replies":[{"embeddable":true,"href":"https:\/\/tvtecjundiai.com.br\/news\/wp-json\/wp\/v2\/comments?post=128174"}],"version-history":[{"count":1,"href":"https:\/\/tvtecjundiai.com.br\/news\/wp-json\/wp\/v2\/posts\/128174\/revisions"}],"predecessor-version":[{"id":128176,"href":"https:\/\/tvtecjundiai.com.br\/news\/wp-json\/wp\/v2\/posts\/128174\/revisions\/128176"}],"wp:featuredmedia":[{"embeddable":true,"href":"https:\/\/tvtecjundiai.com.br\/news\/wp-json\/wp\/v2\/media\/128175"}],"wp:attachment":[{"href":"https:\/\/tvtecjundiai.com.br\/news\/wp-json\/wp\/v2\/media?parent=128174"}],"wp:term":[{"taxonomy":"category","embeddable":true,"href":"https:\/\/tvtecjundiai.com.br\/news\/wp-json\/wp\/v2\/categories?post=128174"},{"taxonomy":"post_tag","embeddable":true,"href":"https:\/\/tvtecjundiai.com.br\/news\/wp-json\/wp\/v2\/tags?post=128174"}],"curies":[{"name":"wp","href":"https:\/\/api.w.org\/{rel}","templated":true}]}}