{"id":128195,"date":"2025-05-28T14:09:22","date_gmt":"2025-05-28T17:09:22","guid":{"rendered":"https:\/\/tvtecjundiai.com.br\/news\/?p=128195"},"modified":"2025-05-29T15:05:59","modified_gmt":"2025-05-29T18:05:59","slug":"banda-sao-joao-batista-faz-concerto-para-comemorar-os-68-anos-de-existencia","status":"publish","type":"post","link":"https:\/\/tvtecjundiai.com.br\/news\/2025\/05\/28\/banda-sao-joao-batista-faz-concerto-para-comemorar-os-68-anos-de-existencia\/","title":{"rendered":"Banda S\u00e3o Jo\u00e3o Batista faz concerto para comemorar os 68 anos de exist\u00eancia"},"content":{"rendered":"\n<p>A Sociedade Musical S\u00e3o Jo\u00e3o Batista celebra seus 68 anos neste domingo, 01 de junho, com um concerto na Sala Gl\u00f3ria Rocha. Conhecida anteriormente como \u201ca Banda do Padre\u201d, surgiu para acompanhar as prociss\u00f5es da Igreja de S\u00e3o Jo\u00e3o Batista, no bairro Ponte S\u00e3o Jo\u00e3o. Com o tempo, cresceu e chegou a se apresentar at\u00e9 na Europa.<\/p>\n\n\n\n<p>\u00danica remanescente das bandas formadas na cidade durante o s\u00e9culo passado, a Banda S\u00e3o Jo\u00e3o foi fundada em 24 de junho de 1957, idealizada pelo sacerdote italiano \u00c2ngelo Cremonte, em parceria com o alfaiate Jo\u00e3o de Deus Rodrigues, que era m\u00fasico nas horas vagas.<\/p>\n\n\n\n<figure class=\"wp-block-image size-full is-resized\"><img loading=\"lazy\" decoding=\"async\" width=\"581\" height=\"412\" src=\"https:\/\/tvtecjundiai.com.br\/news\/wp-content\/uploads\/sites\/2\/2025\/05\/68ac7a5e-7fc5-4efb-a89e-b72c943e199d.jpg\" alt=\"\" class=\"wp-image-128196\" style=\"width:840px;height:auto\" srcset=\"https:\/\/tvtecjundiai.com.br\/news\/wp-content\/uploads\/sites\/2\/2025\/05\/68ac7a5e-7fc5-4efb-a89e-b72c943e199d.jpg 581w, https:\/\/tvtecjundiai.com.br\/news\/wp-content\/uploads\/sites\/2\/2025\/05\/68ac7a5e-7fc5-4efb-a89e-b72c943e199d-300x213.jpg 300w\" sizes=\"auto, (max-width: 581px) 100vw, 581px\" \/><figcaption class=\"wp-element-caption\">A Sociedade Musical S\u00e3o Jo\u00e3o Batista \u00e9 uma das \u00fanicas bandas remanescente formadas na cidade durante o s\u00e9culo passado<\/figcaption><\/figure>\n\n\n\n<p>Oswaldo B\u00e1rbaro foi um dos s\u00f3cios-fundadores, assim como Antonio Mieto, Antonio Feriggato, o maestro Elias Cavedal e outros moradores da Ponte, que contribu\u00edam com mensalidades para manter a banda ativa. Entre 1971 e 1974, as atividades foram interrompidas por falta de recursos financeiros.<\/p>\n\n\n\n<p>Entre seus presidentes, segundo a \u201cEnciclop\u00e9dia Cultural de Paula\u201d, destacam-se Mois\u00e9s Thomazi, Paulo Nicodemos de Carvalho, Antonio Herm\u00ednio de Souza Junior, Aristides Prado, Moacir Marelo, Rolando Giarola, Caetano Jos\u00e9 Franchi, Jo\u00e3o Bandeira, Henrique Jahnel Crispim e Jos\u00e9 Ant\u00f4nio Ferrarezi \u2014 este \u00faltimo, o atual presidente, \u00e9 o respons\u00e1vel pela comemora\u00e7\u00e3o dos 68 anos com a apresenta\u00e7\u00e3o no Teatro Polytheama.<\/p>\n\n\n\n<p>Al\u00e9m do fundador Elias Cavedal, os maestros que j\u00e1 estiveram \u00e0 frente da Banda S\u00e3o Jo\u00e3o Batista incluem: Em\u00edgidio Lorencini, Aramandi Campagnoli, Geraldo Cecato, Antonio Brunholi Netto, Ernesto Fabiano e Celso Souza e Silva. Nos \u00faltimos anos, a reg\u00eancia est\u00e1 sob responsabilidade de J\u00e1ssen e Feliciano, 1\u00ba Tenente de M\u00fasica da Pol\u00edcia Militar de S\u00e3o Paulo, que tamb\u00e9m rege o espet\u00e1culo deste domingo (1\u00ba), com participa\u00e7\u00e3o especial da bateria de uma escola de samba.<\/p>\n\n\n\n<figure class=\"wp-block-image size-full is-resized\"><img loading=\"lazy\" decoding=\"async\" width=\"600\" height=\"350\" src=\"https:\/\/tvtecjundiai.com.br\/news\/wp-content\/uploads\/sites\/2\/2025\/05\/4cdac9ce-3177-4d11-bad7-002093fb1966.jpg\" alt=\"\" class=\"wp-image-128199\" style=\"width:840px;height:auto\" srcset=\"https:\/\/tvtecjundiai.com.br\/news\/wp-content\/uploads\/sites\/2\/2025\/05\/4cdac9ce-3177-4d11-bad7-002093fb1966.jpg 600w, https:\/\/tvtecjundiai.com.br\/news\/wp-content\/uploads\/sites\/2\/2025\/05\/4cdac9ce-3177-4d11-bad7-002093fb1966-300x175.jpg 300w\" sizes=\"auto, (max-width: 600px) 100vw, 600px\" \/><figcaption class=\"wp-element-caption\">Banda S\u00e3o Jo\u00e3o Batista faz concerto para comemorar os 68 anos de exist\u00eancia neste domingo (1\u00ba)<\/figcaption><\/figure>\n\n\n\n<p>Em 1987, a banda gravou seu primeiro disco, com 12 m\u00fasicas \u2014 a maioria composta por artistas de Jundia\u00ed. O segundo \u00e1lbum foi lan\u00e7ado em 1995, com influ\u00eancias sertanejas. J\u00e1 em 2004, a banda lan\u00e7ou \u201cHinos da Cidade\u201d.<\/p>\n\n\n\n<p>A apresenta\u00e7\u00e3o comemorativa da Banda S\u00e3o Jo\u00e3o Batista ser\u00e1 neste domingo (1\u00b0) , \u00e0s 20h, na Sala Gl\u00f3ria Rocha, no centro de Jundia\u00ed. Os ingressos est\u00e3o dispon\u00edveis na bilheteria do teatro ou pelo site @<a href=\"https:\/\/www.sympla.com.br\">Sympla<\/a><\/p>\n\n\n\n<p><\/p>\n\n\n\n<p>Fonte \/  Imagem: Reda\u00e7\u00e3o TVTEC<\/p>\n\n\n\n<p><\/p>\n","protected":false},"excerpt":{"rendered":"<p>A apresenta\u00e7\u00e3o ser\u00e1 neste domingo (1\u00b0) , \u00e0s 20h, na Sala Gl\u00f3ria Rocha, no centro de Jundia\u00ed. Os ingressos est\u00e3o dispon\u00edveis na bilheteria do teatro ou pelo site @Sympla.<\/p>\n","protected":false},"author":24,"featured_media":128257,"comment_status":"open","ping_status":"0","sticky":false,"template":"","format":"standard","meta":{"footnotes":""},"categories":[2833,29,8429,8356,8354,2824],"tags":[],"class_list":["post-128195","post","type-post","status-publish","format-standard","has-post-thumbnail","hentry","category-cultura","category-destaque","category-eventos","category-jundiai","category-lazer","category-variedades"],"_links":{"self":[{"href":"https:\/\/tvtecjundiai.com.br\/news\/wp-json\/wp\/v2\/posts\/128195","targetHints":{"allow":["GET"]}}],"collection":[{"href":"https:\/\/tvtecjundiai.com.br\/news\/wp-json\/wp\/v2\/posts"}],"about":[{"href":"https:\/\/tvtecjundiai.com.br\/news\/wp-json\/wp\/v2\/types\/post"}],"author":[{"embeddable":true,"href":"https:\/\/tvtecjundiai.com.br\/news\/wp-json\/wp\/v2\/users\/24"}],"replies":[{"embeddable":true,"href":"https:\/\/tvtecjundiai.com.br\/news\/wp-json\/wp\/v2\/comments?post=128195"}],"version-history":[{"count":1,"href":"https:\/\/tvtecjundiai.com.br\/news\/wp-json\/wp\/v2\/posts\/128195\/revisions"}],"predecessor-version":[{"id":128201,"href":"https:\/\/tvtecjundiai.com.br\/news\/wp-json\/wp\/v2\/posts\/128195\/revisions\/128201"}],"wp:featuredmedia":[{"embeddable":true,"href":"https:\/\/tvtecjundiai.com.br\/news\/wp-json\/wp\/v2\/media\/128257"}],"wp:attachment":[{"href":"https:\/\/tvtecjundiai.com.br\/news\/wp-json\/wp\/v2\/media?parent=128195"}],"wp:term":[{"taxonomy":"category","embeddable":true,"href":"https:\/\/tvtecjundiai.com.br\/news\/wp-json\/wp\/v2\/categories?post=128195"},{"taxonomy":"post_tag","embeddable":true,"href":"https:\/\/tvtecjundiai.com.br\/news\/wp-json\/wp\/v2\/tags?post=128195"}],"curies":[{"name":"wp","href":"https:\/\/api.w.org\/{rel}","templated":true}]}}