{"id":128898,"date":"2025-06-18T14:48:50","date_gmt":"2025-06-18T17:48:50","guid":{"rendered":"https:\/\/tvtecjundiai.com.br\/news\/?p=128898"},"modified":"2025-06-18T14:48:50","modified_gmt":"2025-06-18T17:48:50","slug":"prefeitura-inicia-segunda-fase-de-revitalizacao-do-parque-corrupira","status":"publish","type":"post","link":"https:\/\/tvtecjundiai.com.br\/news\/2025\/06\/18\/prefeitura-inicia-segunda-fase-de-revitalizacao-do-parque-corrupira\/","title":{"rendered":"Prefeitura inicia segunda fase de revitaliza\u00e7\u00e3o do Parque Corrupira"},"content":{"rendered":"\n<p>A Prefeitura de Jundia\u00ed, atrav\u00e9s da Unidade de Gest\u00e3o de Infraestrutura e Servi\u00e7os P\u00fablicos (UGISP), deu in\u00edcio a segunda fase das obras de revitaliza\u00e7\u00e3o do Parque do Trabalhador, mais conhecido como o Parque Corrupira, que foi reaberto ao p\u00fablico no dia 1\u00ba de maio.<\/p>\n\n\n\n<p>\u201cDemos in\u00edcio \u00e0 segunda fase da revitaliza\u00e7\u00e3o do Parque Corrupira, ap\u00f3s uma primeira etapa que foi entregue recentemente e j\u00e1 \u00e9 um sucesso entre os frequentadores. Antes de criar novos espa\u00e7os, \u00e9 essencial cuidar com carinho daquilo que j\u00e1 temos. O Corrupira \u00e9 um local onde muitas fam\u00edlias jundiaienses constru\u00edram boas lembran\u00e7as, e nosso compromisso \u00e9 resgatar e valorizar esse espa\u00e7o t\u00e3o especial para a cidade\u201d, afirmou o prefeito Gustavo Martinelli.<\/p>\n\n\n\n<figure class=\"wp-block-image\"><a class=\"fancybox image\" href=\"https:\/\/jundiai.sp.gov.br\/noticias\/wp-content\/uploads\/sites\/32\/2025\/06\/segunda_fase_parque_do_corrupira-11-1280x854.jpg\"><img decoding=\"async\" src=\"https:\/\/jundiai.sp.gov.br\/noticias\/wp-content\/uploads\/sites\/32\/2025\/06\/segunda_fase_parque_do_corrupira-11-1280x854.jpg\" alt=\"\" class=\"wp-image-360089\" \/><\/a><figcaption class=\"wp-element-caption\">In\u00edcio da segunda fase de revitaliza\u00e7\u00e3o do Parque Corrupira<\/figcaption><\/figure>\n\n\n\n<p>Nesta nova etapa est\u00e3o sendo implantadas melhorias que v\u00e3o ampliar ainda mais as op\u00e7\u00f5es de lazer e conforto para os frequentadores.<\/p>\n\n\n\n<p><strong>Quiosques:<\/strong><br>Entre os principais avan\u00e7os est\u00e1 a constru\u00e7\u00e3o de novos quiosques com churrasqueiras. Dos 20 previstos nesta fase, 5 j\u00e1 est\u00e3o em andamento. Ao final da revitaliza\u00e7\u00e3o o parque vai contar com 50 quiosques cobertos, sendo 47 equipados com churrasqueiras.<\/p>\n\n\n\n<p><strong>Quadra de malha:<\/strong><br>Atendendo a uma demanda antiga da popula\u00e7\u00e3o, ser\u00e1 entregue uma quadra de malha aos frequentadores do parque e moradores do entorno.<\/p>\n\n\n\n<p><strong>Trenzinho:<\/strong><br>A esta\u00e7\u00e3o do tradicional trenzinho ser\u00e1 completamente reformada, garantindo ainda mais seguran\u00e7a para as crian\u00e7as.<\/p>\n\n\n\n<p><strong>Bem-estar:<\/strong><br>A infraestrutura do parque tamb\u00e9m est\u00e1 sendo modernizada. A nova fase inclui a constru\u00e7\u00e3o de uma pista de caminhada.<\/p>\n\n\n\n<p><strong>Rede el\u00e9trica:<\/strong><br>O parque vai contar ainda com uma nova rede el\u00e9trica. A UGISP prev\u00ea a instala\u00e7\u00e3o de tomadas em todos os quiosques.<\/p>\n\n\n\n<p><strong>Alimenta\u00e7\u00e3o:<\/strong><br>Aos finais de semana e feriados, o parque vai contar com uma \u00e1rea destinada a food trucks, oferecendo op\u00e7\u00f5es gastron\u00f4micas aos visitantes.<\/p>\n\n\n\n<figure class=\"wp-block-image\"><a class=\"fancybox image\" href=\"https:\/\/jundiai.sp.gov.br\/noticias\/wp-content\/uploads\/sites\/32\/2025\/06\/segunda_fase_parque_do_corrupira-7-1280x854.jpg\"><img decoding=\"async\" src=\"https:\/\/jundiai.sp.gov.br\/noticias\/wp-content\/uploads\/sites\/32\/2025\/06\/segunda_fase_parque_do_corrupira-7-1280x854.jpg\" alt=\"\" class=\"wp-image-360090\" \/><\/a><figcaption class=\"wp-element-caption\">2\u00aa fase da revitaliza\u00e7\u00e3o prev\u00ea 20 quiosques, pista de caminhada, pra\u00e7a de alimenta\u00e7\u00e3o, reforma da rede el\u00e9trica, quadra de malha e manuten\u00e7\u00e3o da esta\u00e7\u00e3o do trenzinho<\/figcaption><\/figure>\n\n\n\n<p>\u201cO Parque Corrupira \u00e9 um dos espa\u00e7os de lazer mais queridos da nossa cidade. A entrega dos novos quiosques, da quadra de malha, da pista de caminhada e de outras melhorias representa um compromisso da gest\u00e3o em valorizar os espa\u00e7os p\u00fablicos e proporcionar bem-estar para popula\u00e7\u00e3o\u201d, destacou o gestor da UGISP, Marcos Galdino.<\/p>\n\n\n\n<p>A entrega oficial da segunda fase de revitaliza\u00e7\u00e3o do Parque Corrupira est\u00e1 programada para o dia 12 de outubro, como parte das comemora\u00e7\u00f5es do Dia das Crian\u00e7as.<\/p>\n\n\n\n<p><\/p>\n\n\n\n<p>Fonte \/ Imagem: Prefeitura de Jundia\u00ed<\/p>\n\n\n\n<p><\/p>\n","protected":false},"excerpt":{"rendered":"<p>Nesta nova etapa est\u00e3o sendo implantadas melhorias que v\u00e3o ampliar ainda mais as op\u00e7\u00f5es de lazer e conforto para os frequentadores.<\/p>\n","protected":false},"author":24,"featured_media":128899,"comment_status":"open","ping_status":"0","sticky":false,"template":"","format":"standard","meta":{"footnotes":""},"categories":[29,8357,8356],"tags":[],"class_list":["post-128898","post","type-post","status-publish","format-standard","has-post-thumbnail","hentry","category-destaque","category-gestao","category-jundiai"],"_links":{"self":[{"href":"https:\/\/tvtecjundiai.com.br\/news\/wp-json\/wp\/v2\/posts\/128898","targetHints":{"allow":["GET"]}}],"collection":[{"href":"https:\/\/tvtecjundiai.com.br\/news\/wp-json\/wp\/v2\/posts"}],"about":[{"href":"https:\/\/tvtecjundiai.com.br\/news\/wp-json\/wp\/v2\/types\/post"}],"author":[{"embeddable":true,"href":"https:\/\/tvtecjundiai.com.br\/news\/wp-json\/wp\/v2\/users\/24"}],"replies":[{"embeddable":true,"href":"https:\/\/tvtecjundiai.com.br\/news\/wp-json\/wp\/v2\/comments?post=128898"}],"version-history":[{"count":1,"href":"https:\/\/tvtecjundiai.com.br\/news\/wp-json\/wp\/v2\/posts\/128898\/revisions"}],"predecessor-version":[{"id":128900,"href":"https:\/\/tvtecjundiai.com.br\/news\/wp-json\/wp\/v2\/posts\/128898\/revisions\/128900"}],"wp:featuredmedia":[{"embeddable":true,"href":"https:\/\/tvtecjundiai.com.br\/news\/wp-json\/wp\/v2\/media\/128899"}],"wp:attachment":[{"href":"https:\/\/tvtecjundiai.com.br\/news\/wp-json\/wp\/v2\/media?parent=128898"}],"wp:term":[{"taxonomy":"category","embeddable":true,"href":"https:\/\/tvtecjundiai.com.br\/news\/wp-json\/wp\/v2\/categories?post=128898"},{"taxonomy":"post_tag","embeddable":true,"href":"https:\/\/tvtecjundiai.com.br\/news\/wp-json\/wp\/v2\/tags?post=128898"}],"curies":[{"name":"wp","href":"https:\/\/api.w.org\/{rel}","templated":true}]}}