{"id":12908,"date":"2018-06-27T14:38:06","date_gmt":"2018-06-27T17:38:06","guid":{"rendered":"https:\/\/tvtecjundiai.com.br\/news\/?p=12908"},"modified":"2018-06-27T14:39:34","modified_gmt":"2018-06-27T17:39:34","slug":"nota-oficial-transporte-por-aplicativos","status":"publish","type":"post","link":"https:\/\/tvtecjundiai.com.br\/news\/2018\/06\/27\/nota-oficial-transporte-por-aplicativos\/","title":{"rendered":"Prefeitura de Jundia\u00ed publica nota sobre transporte por aplicativos"},"content":{"rendered":"<p>Em seu site, a Prefeitura de Jundia\u00ed publicou uma Nota Oficial sobre o Edital de Chamamento P\u00fablico\u00a0para Credenciamento dos Aplicativos de transporte. Confira a nota na \u00edntegra:<\/p>\n<p><em>A Unidade de Gest\u00e3o de Mobilidade e Transporte (UGMT) informa que, assim que publicado na Imprensa Oficial o resultado do Edital de Chamamento P\u00fablico para Credenciamento dos Aplicativos, em resposta ao edital de credenciamento das empresas Operadoras de Tecnologia de Transporte Coletivo, cujo prazo de vig\u00eancia foi prorrogado para o dia 27 de junho de 2018, o servi\u00e7o de transporte por aplicativo estar\u00e1 sujeito \u00e0 fiscaliza\u00e7\u00e3o no Munic\u00edpio.<\/em><\/p>\n<p><em>A regulamenta\u00e7\u00e3o \u00e9 importante para o servi\u00e7o, uma vez que garante mais seguran\u00e7a e conforto para os usu\u00e1rios, sendo este o objetivo do decreto.<\/em><\/p>\n<p><em>Conforme o Decreto n\u00ba 27.282, de 19 de janeiro de 2018, que sofreu adequa\u00e7\u00f5es em 19 de abril em raz\u00e3o da publica\u00e7\u00e3o da Lei Federal 13.640\/18, as operadoras interessadas em explorar o servi\u00e7o devem se cadastrar na Prefeitura. O cadastramento pode ser feito a qualquer momento.<\/em><\/p>\n<p><em>Cabe ressaltar que a Prefeitura tem recebido, desde o in\u00edcio do processo de regulamenta\u00e7\u00e3o, manifesta\u00e7\u00f5es e colabora\u00e7\u00f5es de diversos grupos de motoristas e mun\u00edcipes que utilizam o chamado transporte por aplicativo.<\/em><\/p>\n<p><em>(Fonte: Assessoria de Imprensa Prefeitura de Jundia\u00ed)<\/em><\/p>\n","protected":false},"excerpt":{"rendered":"<p>Regulamenta\u00e7\u00e3o do servi\u00e7o garante mais seguran\u00e7a e conforto para os usu\u00e1rios<\/p>\n","protected":false},"author":10,"featured_media":11688,"comment_status":"closed","ping_status":"closed","sticky":false,"template":"","format":"standard","meta":{"footnotes":""},"categories":[2834,1,3059],"tags":[5,3514,15],"class_list":["post-12908","post","type-post","status-publish","format-standard","has-post-thumbnail","hentry","category-cidades","category-noticias","category-transportes","tag-jundiai","tag-transporte-por-aplicativo","tag-tvtec"],"_links":{"self":[{"href":"https:\/\/tvtecjundiai.com.br\/news\/wp-json\/wp\/v2\/posts\/12908","targetHints":{"allow":["GET"]}}],"collection":[{"href":"https:\/\/tvtecjundiai.com.br\/news\/wp-json\/wp\/v2\/posts"}],"about":[{"href":"https:\/\/tvtecjundiai.com.br\/news\/wp-json\/wp\/v2\/types\/post"}],"author":[{"embeddable":true,"href":"https:\/\/tvtecjundiai.com.br\/news\/wp-json\/wp\/v2\/users\/10"}],"replies":[{"embeddable":true,"href":"https:\/\/tvtecjundiai.com.br\/news\/wp-json\/wp\/v2\/comments?post=12908"}],"version-history":[{"count":4,"href":"https:\/\/tvtecjundiai.com.br\/news\/wp-json\/wp\/v2\/posts\/12908\/revisions"}],"predecessor-version":[{"id":12912,"href":"https:\/\/tvtecjundiai.com.br\/news\/wp-json\/wp\/v2\/posts\/12908\/revisions\/12912"}],"wp:featuredmedia":[{"embeddable":true,"href":"https:\/\/tvtecjundiai.com.br\/news\/wp-json\/wp\/v2\/media\/11688"}],"wp:attachment":[{"href":"https:\/\/tvtecjundiai.com.br\/news\/wp-json\/wp\/v2\/media?parent=12908"}],"wp:term":[{"taxonomy":"category","embeddable":true,"href":"https:\/\/tvtecjundiai.com.br\/news\/wp-json\/wp\/v2\/categories?post=12908"},{"taxonomy":"post_tag","embeddable":true,"href":"https:\/\/tvtecjundiai.com.br\/news\/wp-json\/wp\/v2\/tags?post=12908"}],"curies":[{"name":"wp","href":"https:\/\/api.w.org\/{rel}","templated":true}]}}