{"id":129156,"date":"2025-06-29T22:12:16","date_gmt":"2025-06-30T01:12:16","guid":{"rendered":"https:\/\/tvtecjundiai.com.br\/news\/?p=129156"},"modified":"2025-06-29T22:12:16","modified_gmt":"2025-06-30T01:12:16","slug":"quem-ama-cuida-contemplara-83-bairros-nesta-semana","status":"publish","type":"post","link":"https:\/\/tvtecjundiai.com.br\/news\/2025\/06\/29\/quem-ama-cuida-contemplara-83-bairros-nesta-semana\/","title":{"rendered":"\u2018Quem Ama, Cuida\u2019 contemplar\u00e1 83 bairros nesta semana"},"content":{"rendered":"\n<p>O programa \u201cQuem Ama, Cuida\u201d, coordenado pela Unidade de Gest\u00e3o de Infraestrutura e Servi\u00e7os P\u00fablicos (UGISP) da Prefeitura, permanece at\u00e9 o dia 12 de julho nas regi\u00f5es do Jardim Bonfiglioli e Santa Gertrudes, levando os servi\u00e7os de zeladoria e conserva\u00e7\u00e3o do mutir\u00e3o para 83 bairros.<\/p>\n\n\n\n<figure class=\"wp-block-image\"><a class=\"fancybox image\" href=\"https:\/\/jundiai.sp.gov.br\/noticias\/wp-content\/uploads\/sites\/32\/2025\/06\/quem_ama_cuida_secratario_galdino_v-36-1280x854.jpg\"><img decoding=\"async\" src=\"https:\/\/jundiai.sp.gov.br\/noticias\/wp-content\/uploads\/sites\/32\/2025\/06\/quem_ama_cuida_secratario_galdino_v-36-1280x854.jpg\" alt=\"\" class=\"wp-image-360594\" \/><\/a><figcaption class=\"wp-element-caption\">\u2018Quem Ama, Cuida\u2019 passa a atuar em 83 bairros das regi\u00f5es do Bonfiglioli e Santa Gertrudes<\/figcaption><\/figure>\n\n\n\n<p>Nas \u00faltimas semanas, as regi\u00f5es do Jardim do Lago e Vila Arens foram contempladas com os servi\u00e7os, que incluem poda e remo\u00e7\u00e3o de \u00e1rvores, ro\u00e7agem em \u00e1reas p\u00fablicas, opera\u00e7\u00e3o tapa-buraco e limpeza de boca de lobo e hidrojateamento.<\/p>\n\n\n\n<p>\u201cA Prefeitura de Jundia\u00ed refor\u00e7a cada vez mais seu compromisso em oferecer servi\u00e7os de qualidade e manter a cidade limpa, organizada e bem cuidada para todos os moradores. Vale destacar que o cronograma segue um planejamento com base em vistorias t\u00e9cnicas realizadas pelas equipes da UGISP e tamb\u00e9m nas demandas da popula\u00e7\u00e3o\u201d, ressalta o gestor da UGISP.<\/p>\n\n\n\n<p>O cronograma do \u201cQuem Ama, Cuida\u201d pode ser conferido clicando&nbsp;<a href=\"https:\/\/jundiai.sp.gov.br\/infraestrutura-e-servicos-publicos\/quem-ama-cuida\/\">aqui<\/a>.<\/p>\n\n\n\n<p><em>Fonte: Prefeitura de Jundia\u00ed <\/em><\/p>\n","protected":false},"excerpt":{"rendered":"<p>Nas \u00faltimas semanas, as regi\u00f5es do Jardim do Lago e Vila Arens foram contempladas com os servi\u00e7os<\/p>\n","protected":false},"author":24,"featured_media":129157,"comment_status":"closed","ping_status":"0","sticky":false,"template":"","format":"standard","meta":{"footnotes":""},"categories":[29,8357,8356],"tags":[],"class_list":["post-129156","post","type-post","status-publish","format-standard","has-post-thumbnail","hentry","category-destaque","category-gestao","category-jundiai"],"_links":{"self":[{"href":"https:\/\/tvtecjundiai.com.br\/news\/wp-json\/wp\/v2\/posts\/129156","targetHints":{"allow":["GET"]}}],"collection":[{"href":"https:\/\/tvtecjundiai.com.br\/news\/wp-json\/wp\/v2\/posts"}],"about":[{"href":"https:\/\/tvtecjundiai.com.br\/news\/wp-json\/wp\/v2\/types\/post"}],"author":[{"embeddable":true,"href":"https:\/\/tvtecjundiai.com.br\/news\/wp-json\/wp\/v2\/users\/24"}],"replies":[{"embeddable":true,"href":"https:\/\/tvtecjundiai.com.br\/news\/wp-json\/wp\/v2\/comments?post=129156"}],"version-history":[{"count":1,"href":"https:\/\/tvtecjundiai.com.br\/news\/wp-json\/wp\/v2\/posts\/129156\/revisions"}],"predecessor-version":[{"id":129158,"href":"https:\/\/tvtecjundiai.com.br\/news\/wp-json\/wp\/v2\/posts\/129156\/revisions\/129158"}],"wp:featuredmedia":[{"embeddable":true,"href":"https:\/\/tvtecjundiai.com.br\/news\/wp-json\/wp\/v2\/media\/129157"}],"wp:attachment":[{"href":"https:\/\/tvtecjundiai.com.br\/news\/wp-json\/wp\/v2\/media?parent=129156"}],"wp:term":[{"taxonomy":"category","embeddable":true,"href":"https:\/\/tvtecjundiai.com.br\/news\/wp-json\/wp\/v2\/categories?post=129156"},{"taxonomy":"post_tag","embeddable":true,"href":"https:\/\/tvtecjundiai.com.br\/news\/wp-json\/wp\/v2\/tags?post=129156"}],"curies":[{"name":"wp","href":"https:\/\/api.w.org\/{rel}","templated":true}]}}