{"id":129177,"date":"2025-06-30T10:37:28","date_gmt":"2025-06-30T13:37:28","guid":{"rendered":"https:\/\/tvtecjundiai.com.br\/news\/?p=129177"},"modified":"2025-06-30T10:38:23","modified_gmt":"2025-06-30T13:38:23","slug":"consulta-publica-do-ppa-e-loa-2026-esta-disponivel-para-participacao-da-populacao-de-jundiai","status":"publish","type":"post","link":"https:\/\/tvtecjundiai.com.br\/news\/2025\/06\/30\/consulta-publica-do-ppa-e-loa-2026-esta-disponivel-para-participacao-da-populacao-de-jundiai\/","title":{"rendered":"Consulta P\u00fablica do PPA e LOA 2026 est\u00e1 dispon\u00edvel para participa\u00e7\u00e3o da popula\u00e7\u00e3o de Jundia\u00ed"},"content":{"rendered":"\n<p>A Prefeitura de Jundia\u00ed disponibilizou a Consulta P\u00fablica para a constru\u00e7\u00e3o participativa do Plano Plurianual (PPA) 2026\u20132029 e da Lei Or\u00e7ament\u00e1ria Anual (LOA) 2026. O objetivo \u00e9 garantir que os moradores possam contribuir com sugest\u00f5es e apontar as principais necessidades da cidade para os pr\u00f3ximos anos.<\/p>\n\n\n\n<figure class=\"wp-block-image\"><a class=\"fancybox image\" href=\"https:\/\/jundiai.sp.gov.br\/noticias\/wp-content\/uploads\/sites\/32\/2025\/06\/tela_computador-11-1-1280x854.jpg\"><img decoding=\"async\" src=\"https:\/\/jundiai.sp.gov.br\/noticias\/wp-content\/uploads\/sites\/32\/2025\/06\/tela_computador-11-1-1280x854.jpg\" alt=\"\" class=\"wp-image-360709\" \/><\/a><\/figure>\n\n\n\n<p>A Consulta P\u00fablica \u00e9 um importante instrumento de participa\u00e7\u00e3o popular previsto no Art. 4\u00ba do Decreto Municipal n\u00ba 35.186\/2025 e no Art. 48, inciso I, da Lei de Responsabilidade Fiscal (Lei Complementar n\u00ba 101\/2000), alterada pelas Leis Complementares n\u00ba 131\/2009 e n\u00ba 156\/2016.<\/p>\n\n\n\n<p>Por meio do question\u00e1rio online, os cidad\u00e3os podem indicar \u00e1reas priorit\u00e1rias e contribuir diretamente com o planejamento de pol\u00edticas p\u00fablicas e investimentos do munic\u00edpio. A participa\u00e7\u00e3o pode ser feita at\u00e9 o dia 31 de julho por meio do formul\u00e1rio dispon\u00edvel neste link:&nbsp;<a href=\"https:\/\/forms.gle\/QUXVwJCeUb7apz6e8\" target=\"_blank\" rel=\"noreferrer noopener\">https:\/\/forms.gle\/QUXVwJCeUb7apz6e8<\/a>.<\/p>\n\n\n\n<p>Al\u00e9m da ferramenta digital, a Prefeitura tamb\u00e9m est\u00e1 promovendo reuni\u00f5es presenciais nos bairros, ouvindo diretamente as demandas dos moradores de cada regi\u00e3o. Esses encontros visam ampliar o di\u00e1logo com a popula\u00e7\u00e3o, fortalecer o v\u00ednculo com o poder p\u00fablico e garantir que as propostas estejam alinhadas com a realidade local.<\/p>\n\n\n\n<p>Outro importante momento de escuta ser\u00e3o as audi\u00eancias p\u00fablicas, que tamb\u00e9m fazem parte do processo de elabora\u00e7\u00e3o do PPA e da LOA. Nessas audi\u00eancias, ser\u00e3o apresentados dados, metas e diretrizes, al\u00e9m de aberto espa\u00e7o para perguntas, sugest\u00f5es e manifesta\u00e7\u00f5es da sociedade civil. A data ser\u00e1 divulgada em breve.<\/p>\n\n\n\n<p>A iniciativa refor\u00e7a o compromisso da gest\u00e3o com a transpar\u00eancia, a democracia participativa e a efici\u00eancia na aloca\u00e7\u00e3o de recursos p\u00fablicos, considerando as reais necessidades da popula\u00e7\u00e3o.<\/p>\n\n\n\n<p>Fonte \/ Imagem: Prefeitura de Jundia\u00ed<\/p>\n","protected":false},"excerpt":{"rendered":"<p>Al\u00e9m da ferramenta digital, a Prefeitura tamb\u00e9m est\u00e1 promovendo reuni\u00f5es presenciais nos bairros, ouvindo diretamente as demandas dos moradores de cada regi\u00e3o.<\/p>\n","protected":false},"author":24,"featured_media":129178,"comment_status":"open","ping_status":"0","sticky":false,"template":"","format":"standard","meta":{"footnotes":""},"categories":[29,8357,8356],"tags":[],"class_list":["post-129177","post","type-post","status-publish","format-standard","has-post-thumbnail","hentry","category-destaque","category-gestao","category-jundiai"],"_links":{"self":[{"href":"https:\/\/tvtecjundiai.com.br\/news\/wp-json\/wp\/v2\/posts\/129177","targetHints":{"allow":["GET"]}}],"collection":[{"href":"https:\/\/tvtecjundiai.com.br\/news\/wp-json\/wp\/v2\/posts"}],"about":[{"href":"https:\/\/tvtecjundiai.com.br\/news\/wp-json\/wp\/v2\/types\/post"}],"author":[{"embeddable":true,"href":"https:\/\/tvtecjundiai.com.br\/news\/wp-json\/wp\/v2\/users\/24"}],"replies":[{"embeddable":true,"href":"https:\/\/tvtecjundiai.com.br\/news\/wp-json\/wp\/v2\/comments?post=129177"}],"version-history":[{"count":3,"href":"https:\/\/tvtecjundiai.com.br\/news\/wp-json\/wp\/v2\/posts\/129177\/revisions"}],"predecessor-version":[{"id":129181,"href":"https:\/\/tvtecjundiai.com.br\/news\/wp-json\/wp\/v2\/posts\/129177\/revisions\/129181"}],"wp:featuredmedia":[{"embeddable":true,"href":"https:\/\/tvtecjundiai.com.br\/news\/wp-json\/wp\/v2\/media\/129178"}],"wp:attachment":[{"href":"https:\/\/tvtecjundiai.com.br\/news\/wp-json\/wp\/v2\/media?parent=129177"}],"wp:term":[{"taxonomy":"category","embeddable":true,"href":"https:\/\/tvtecjundiai.com.br\/news\/wp-json\/wp\/v2\/categories?post=129177"},{"taxonomy":"post_tag","embeddable":true,"href":"https:\/\/tvtecjundiai.com.br\/news\/wp-json\/wp\/v2\/tags?post=129177"}],"curies":[{"name":"wp","href":"https:\/\/api.w.org\/{rel}","templated":true}]}}