{"id":129192,"date":"2025-06-30T14:55:30","date_gmt":"2025-06-30T17:55:30","guid":{"rendered":"https:\/\/tvtecjundiai.com.br\/news\/?p=129192"},"modified":"2025-06-30T14:55:30","modified_gmt":"2025-06-30T17:55:30","slug":"com-apoio-do-estado-jundiai-garante-mais-de-r-46-milhoes-para-acelerar-construcao-de-moradias-populares","status":"publish","type":"post","link":"https:\/\/tvtecjundiai.com.br\/news\/2025\/06\/30\/com-apoio-do-estado-jundiai-garante-mais-de-r-46-milhoes-para-acelerar-construcao-de-moradias-populares\/","title":{"rendered":"Com apoio do Estado, Jundia\u00ed garante mais de R$ 4,6 milh\u00f5es para acelerar constru\u00e7\u00e3o de moradias populares"},"content":{"rendered":"\n<p>O Governo do Estado de S\u00e3o Paulo confirmou a libera\u00e7\u00e3o de R$ 4.644.661,11 em recursos do programa Casa Paulista, que ser\u00e3o destinados como contrapartida estadual para a constru\u00e7\u00e3o de 132 unidades habitacionais populares em Jundia\u00ed. As moradias fazem parte dos empreendimentos Jardim dos Cravos 3 e 4, j\u00e1 anunciados anteriormente pela Prefeitura, por meio do programa Minha Casa, Minha Vida, do Governo Federal.<\/p>\n\n\n\n<figure class=\"wp-block-image\"><a class=\"fancybox image\" href=\"https:\/\/jundiai.sp.gov.br\/noticias\/wp-content\/uploads\/sites\/32\/2025\/06\/image-1-1280x926.png\"><img decoding=\"async\" src=\"https:\/\/jundiai.sp.gov.br\/noticias\/wp-content\/uploads\/sites\/32\/2025\/06\/image-1-1280x926.png\" alt=\"\" class=\"wp-image-360780\" \/><\/a><\/figure>\n\n\n\n<p>A verba estadual ser\u00e1 utilizada para complementar os investimentos necess\u00e1rios para a implanta\u00e7\u00e3o do conjunto, que beneficia fam\u00edlias em situa\u00e7\u00e3o de vulnerabilidade e integra a pol\u00edtica habitacional do munic\u00edpio. Com esse apoio, a Prefeitura ganha f\u00f4lego financeiro e mais agilidade para o in\u00edcio das obras.<\/p>\n\n\n\n<p>\u201c\u00c9 uma importante conquista para Jundia\u00ed. O recurso estadual vem somar aos esfor\u00e7os do munic\u00edpio e do Governo Federal para garantir moradia digna a quem mais precisa. Com essa parceria, vamos acelerar a constru\u00e7\u00e3o dessas casas e atender fam\u00edlias que aguardam h\u00e1 anos por esse direito\u201d, afirmou o prefeito.<\/p>\n\n\n\n<p>O superintendente da Funda\u00e7\u00e3o Municipal de A\u00e7\u00e3o Social (FUMAS), Jeferson Coimbra, refor\u00e7ou que o apoio do Estado representa um avan\u00e7o para a execu\u00e7\u00e3o do projeto. \u201cAs 132 unidades j\u00e1 haviam sido anunciadas, dentro do Minha Casa, Minha Vida. Essa contrapartida de R$ 4,6 milh\u00f5es viria originalmente do munic\u00edpio, mas agora o Governo do Estado, por meio do Casa Paulista, est\u00e1 nos ajudando. Isso traz mais serenidade e agilidade para a viabiliza\u00e7\u00e3o das obras.\u201d<\/p>\n\n\n\n<p>Os empreendimentos Jardim dos Cravos 3 e 4 est\u00e3o localizados no bairro do Jardim das Tulipas e integram o maior programa de habita\u00e7\u00e3o popular da cidade nos \u00faltimos anos, voltado especialmente \u00e0 popula\u00e7\u00e3o de baixa renda.<\/p>\n\n\n\n<p>Fonte \/ Imagem: Prefeitura de Jundia\u00ed<\/p>\n","protected":false},"excerpt":{"rendered":"<p>Os empreendimentos Jardim dos Cravos 3 e 4 est\u00e3o localizados no bairro do Jardim das Tulipas e integram o maior programa de habita\u00e7\u00e3o popular da cidade nos \u00faltimos anos, voltado especialmente \u00e0 popula\u00e7\u00e3o de baixa renda.<\/p>\n","protected":false},"author":24,"featured_media":129194,"comment_status":"open","ping_status":"0","sticky":false,"template":"","format":"standard","meta":{"footnotes":""},"categories":[29,8357,8411,5985],"tags":[],"class_list":["post-129192","post","type-post","status-publish","format-standard","has-post-thumbnail","hentry","category-destaque","category-gestao","category-governo-e-financas","category-habitacao"],"_links":{"self":[{"href":"https:\/\/tvtecjundiai.com.br\/news\/wp-json\/wp\/v2\/posts\/129192","targetHints":{"allow":["GET"]}}],"collection":[{"href":"https:\/\/tvtecjundiai.com.br\/news\/wp-json\/wp\/v2\/posts"}],"about":[{"href":"https:\/\/tvtecjundiai.com.br\/news\/wp-json\/wp\/v2\/types\/post"}],"author":[{"embeddable":true,"href":"https:\/\/tvtecjundiai.com.br\/news\/wp-json\/wp\/v2\/users\/24"}],"replies":[{"embeddable":true,"href":"https:\/\/tvtecjundiai.com.br\/news\/wp-json\/wp\/v2\/comments?post=129192"}],"version-history":[{"count":1,"href":"https:\/\/tvtecjundiai.com.br\/news\/wp-json\/wp\/v2\/posts\/129192\/revisions"}],"predecessor-version":[{"id":129195,"href":"https:\/\/tvtecjundiai.com.br\/news\/wp-json\/wp\/v2\/posts\/129192\/revisions\/129195"}],"wp:featuredmedia":[{"embeddable":true,"href":"https:\/\/tvtecjundiai.com.br\/news\/wp-json\/wp\/v2\/media\/129194"}],"wp:attachment":[{"href":"https:\/\/tvtecjundiai.com.br\/news\/wp-json\/wp\/v2\/media?parent=129192"}],"wp:term":[{"taxonomy":"category","embeddable":true,"href":"https:\/\/tvtecjundiai.com.br\/news\/wp-json\/wp\/v2\/categories?post=129192"},{"taxonomy":"post_tag","embeddable":true,"href":"https:\/\/tvtecjundiai.com.br\/news\/wp-json\/wp\/v2\/tags?post=129192"}],"curies":[{"name":"wp","href":"https:\/\/api.w.org\/{rel}","templated":true}]}}