{"id":129237,"date":"2025-07-02T09:24:43","date_gmt":"2025-07-02T12:24:43","guid":{"rendered":"https:\/\/tvtecjundiai.com.br\/news\/?p=129237"},"modified":"2025-07-02T09:25:37","modified_gmt":"2025-07-02T12:25:37","slug":"jundiai-conclui-audiencias-publicas-para-construcao-do-plano-municipal-do-esporte","status":"publish","type":"post","link":"https:\/\/tvtecjundiai.com.br\/news\/2025\/07\/02\/jundiai-conclui-audiencias-publicas-para-construcao-do-plano-municipal-do-esporte\/","title":{"rendered":"Jundia\u00ed conclui audi\u00eancias p\u00fablicas para constru\u00e7\u00e3o do Plano Municipal do Esporte"},"content":{"rendered":"\n<p>A Prefeitura de Jundia\u00ed, atrav\u00e9s da Unidade de Gest\u00e3o de Esporte e Lazer (UGEL), realizou a segunda e \u00faltima audi\u00eancia p\u00fablica para a constru\u00e7\u00e3o colaborativa do Plano Municipal do Esporte. O encontro foi no audit\u00f3rio Elis Regina, no Complexo Argos, e reuniu representantes da sociedade civil, agentes do setor esportivo e gestores p\u00fablicos.<\/p>\n\n\n\n<p>Com o objetivo de ouvir sugest\u00f5es, ideias e demandas da popula\u00e7\u00e3o, o processo participativo busca fortalecer as pol\u00edticas p\u00fablicas voltadas ao esporte e ao lazer em todas as fases da vida. O Plano tem como meta estabelecer um direcionamento estrat\u00e9gico para os pr\u00f3ximos dez anos.<\/p>\n\n\n\n<figure class=\"wp-block-image\"><a class=\"fancybox image\" href=\"https:\/\/jundiai.sp.gov.br\/noticias\/wp-content\/uploads\/sites\/32\/2025\/07\/segunda_audiencia_plano_municipal_do_esporte-7-1280x960.jpg\"><img decoding=\"async\" src=\"https:\/\/jundiai.sp.gov.br\/noticias\/wp-content\/uploads\/sites\/32\/2025\/07\/segunda_audiencia_plano_municipal_do_esporte-7-1280x960.jpg\" alt=\"\" class=\"wp-image-360917\" \/><\/a><figcaption class=\"wp-element-caption\">Participa\u00e7\u00e3o da popula\u00e7\u00e3o na constru\u00e7\u00e3o do Plano Municipal do Esporte<\/figcaption><\/figure>\n\n\n\n<p>Durante a audi\u00eancia os participantes foram encaminhados para salas de discuss\u00e3o onde responderam a quest\u00f5es como: Quais s\u00e3o os desafios do esporte? Quais as solu\u00e7\u00f5es para o esporte de Jundia\u00ed frente a esses desafios?. As respostas ser\u00e3o compiladas e analisadas para subsidiar a elabora\u00e7\u00e3o do documento final.<\/p>\n\n\n\n<p>A gestora da UGEL, Rita Orsi refor\u00e7ou a import\u00e2ncia do di\u00e1logo com a comunidade. \u201cEssa constru\u00e7\u00e3o n\u00e3o se encerra aqui. A Unidade de Gest\u00e3o de Esporte e Lazer permanece aberta para receber sugest\u00f5es. Temos que olhar para o entorno e construir um modelo em que o esporte fa\u00e7a parte de toda a cidade. No dia 1\u00ba de setembro pretendemos entregar esse plano \u00e0 C\u00e2mara Municipal\u201d, destacou.<\/p>\n\n\n\n<p>A educadora D\u00e9bora Machado, que participou da audi\u00eancia, tamb\u00e9m ressaltou a import\u00e2ncia da colabora\u00e7\u00e3o popular. \u201cVejo que a audi\u00eancia p\u00fablica \u00e9 um momento essencial de escuta, onde a popula\u00e7\u00e3o tem a oportunidade de trazer suas demandas para serem acolhidas, triadas e ordenadas pelo poder p\u00fablico para constituir um documento que seja o m\u00e1ximo poss\u00edvel fidedigno \u00e0s expectativas do esporte que Jundia\u00ed deseja para daqui a dez anos\u201d.<\/p>\n\n\n\n<figure class=\"wp-block-image\"><a class=\"fancybox image\" href=\"https:\/\/jundiai.sp.gov.br\/noticias\/wp-content\/uploads\/sites\/32\/2025\/07\/segunda_audiencia_plano_municipal_do_esporte-4-1280x960.jpg\"><img decoding=\"async\" src=\"https:\/\/jundiai.sp.gov.br\/noticias\/wp-content\/uploads\/sites\/32\/2025\/07\/segunda_audiencia_plano_municipal_do_esporte-4-1280x960.jpg\" alt=\"\" class=\"wp-image-360918\" \/><\/a><figcaption class=\"wp-element-caption\">Audi\u00eancia P\u00fablica para a constru\u00e7\u00e3o do Plano Municipal do Esporte<\/figcaption><\/figure>\n\n\n\n<p>Al\u00e9m de nortear as a\u00e7\u00f5es e investimentos em esporte e lazer, o Plano Municipal do Esporte cumpre uma exig\u00eancia da Lei Geral do Esporte e \u00e9 fundamental para que o munic\u00edpio possa acessar recursos federais destinados ao desenvolvimento esportivo.<\/p>\n\n\n\n<p>Fonte \/ Imagem: Prefeitura de Jundia\u00ed<\/p>\n","protected":false},"excerpt":{"rendered":"<p>Com o objetivo de ouvir sugest\u00f5es, ideias e demandas da popula\u00e7\u00e3o, o processo participativo busca fortalecer as pol\u00edticas p\u00fablicas voltadas ao esporte e ao lazer em todas as fases da vida.<\/p>\n","protected":false},"author":24,"featured_media":129238,"comment_status":"open","ping_status":"0","sticky":false,"template":"","format":"standard","meta":{"footnotes":""},"categories":[29,2827,8356],"tags":[],"class_list":["post-129237","post","type-post","status-publish","format-standard","has-post-thumbnail","hentry","category-destaque","category-esportes-e-lazer","category-jundiai"],"_links":{"self":[{"href":"https:\/\/tvtecjundiai.com.br\/news\/wp-json\/wp\/v2\/posts\/129237","targetHints":{"allow":["GET"]}}],"collection":[{"href":"https:\/\/tvtecjundiai.com.br\/news\/wp-json\/wp\/v2\/posts"}],"about":[{"href":"https:\/\/tvtecjundiai.com.br\/news\/wp-json\/wp\/v2\/types\/post"}],"author":[{"embeddable":true,"href":"https:\/\/tvtecjundiai.com.br\/news\/wp-json\/wp\/v2\/users\/24"}],"replies":[{"embeddable":true,"href":"https:\/\/tvtecjundiai.com.br\/news\/wp-json\/wp\/v2\/comments?post=129237"}],"version-history":[{"count":1,"href":"https:\/\/tvtecjundiai.com.br\/news\/wp-json\/wp\/v2\/posts\/129237\/revisions"}],"predecessor-version":[{"id":129239,"href":"https:\/\/tvtecjundiai.com.br\/news\/wp-json\/wp\/v2\/posts\/129237\/revisions\/129239"}],"wp:featuredmedia":[{"embeddable":true,"href":"https:\/\/tvtecjundiai.com.br\/news\/wp-json\/wp\/v2\/media\/129238"}],"wp:attachment":[{"href":"https:\/\/tvtecjundiai.com.br\/news\/wp-json\/wp\/v2\/media?parent=129237"}],"wp:term":[{"taxonomy":"category","embeddable":true,"href":"https:\/\/tvtecjundiai.com.br\/news\/wp-json\/wp\/v2\/categories?post=129237"},{"taxonomy":"post_tag","embeddable":true,"href":"https:\/\/tvtecjundiai.com.br\/news\/wp-json\/wp\/v2\/tags?post=129237"}],"curies":[{"name":"wp","href":"https:\/\/api.w.org\/{rel}","templated":true}]}}