{"id":129243,"date":"2025-07-02T09:35:44","date_gmt":"2025-07-02T12:35:44","guid":{"rendered":"https:\/\/tvtecjundiai.com.br\/news\/?p=129243"},"modified":"2025-07-02T09:35:44","modified_gmt":"2025-07-02T12:35:44","slug":"para-fortalecer-a-saude-publica-jundiai-adere-ao-cismetro-com-aprovacao-da-camara","status":"publish","type":"post","link":"https:\/\/tvtecjundiai.com.br\/news\/2025\/07\/02\/para-fortalecer-a-saude-publica-jundiai-adere-ao-cismetro-com-aprovacao-da-camara\/","title":{"rendered":"Para fortalecer a sa\u00fade p\u00fablica, Jundia\u00ed adere ao Cismetro com aprova\u00e7\u00e3o da C\u00e2mara"},"content":{"rendered":"\n<p><em>Cons\u00f3rcio re\u00fane diversos munic\u00edpios e permitir\u00e1 contrata\u00e7\u00f5es mais \u00e1geis de exames, consultas e outros servi\u00e7os especializados de sa\u00fade<\/em><\/p>\n\n\n\n<p>A C\u00e2mara Municipal de Jundia\u00ed aprovou, na sess\u00e3o desta ter\u00e7a-feira (01), o projeto de lei que autoriza a ades\u00e3o do munic\u00edpio ao Cons\u00f3rcio Intermunicipal de Sa\u00fade da Regi\u00e3o Metropolitana de Campinas (Cismetro). Com a aprova\u00e7\u00e3o, Jundia\u00ed passa a integrar um grupo regional formado por dezenas de cidades, com foco em fortalecer o atendimento em sa\u00fade p\u00fablica por meio da coopera\u00e7\u00e3o entre os munic\u00edpios.<\/p>\n\n\n\n<p>A ades\u00e3o ao cons\u00f3rcio permitir\u00e1 agilizar contrata\u00e7\u00f5es de servi\u00e7os especializados, ampliar a rede de profissionais, melhorar a log\u00edstica do transporte sanit\u00e1rio e refor\u00e7ar a\u00e7\u00f5es integradas de sa\u00fade coletiva. A iniciativa \u00e9 considerada estrat\u00e9gica para aumentar a efici\u00eancia dos atendimentos e reduzir a burocracia na contrata\u00e7\u00e3o de exames, consultas e procedimentos.<\/p>\n\n\n\n<p>O Cismetro \u00e9 composto atualmente por diversos munic\u00edpios, entre eles Americana, Atibaia, Campinas, Hortol\u00e2ndia, Indaiatuba, Itatiba, Limeira, Mogi Mirim, Nova Odessa, Paul\u00ednia, Sumar\u00e9 e Vinhedo. Com a entrada de Jundia\u00ed, a expectativa \u00e9 de que novas parcerias regionais sejam constru\u00eddas, ampliando a capacidade de resposta dos sistemas municipais de sa\u00fade.<\/p>\n\n\n\n<p>A partir da ades\u00e3o, a cidade poder\u00e1 participar de processos compartilhados de aquisi\u00e7\u00e3o de servi\u00e7os, transporte de pacientes e contrata\u00e7\u00e3o de equipes m\u00e9dicas, entre outras possibilidades previstas no estatuto do cons\u00f3rcio. O modelo tamb\u00e9m permite ganhos de escala e otimiza\u00e7\u00e3o de recursos p\u00fablicos, ao reduzir custos e agilizar tr\u00e2mites administrativos.<\/p>\n\n\n\n<p>Fonte \/ Imagem: Prefeitura de Jundia\u00ed<\/p>\n","protected":false},"excerpt":{"rendered":"<p>A ades\u00e3o ao cons\u00f3rcio permitir\u00e1 agilizar contrata\u00e7\u00f5es de servi\u00e7os especializados, ampliar a rede de profissionais, melhorar a log\u00edstica do transporte sanit\u00e1rio e refor\u00e7ar a\u00e7\u00f5es integradas de sa\u00fade coletiva. <\/p>\n","protected":false},"author":24,"featured_media":129244,"comment_status":"open","ping_status":"0","sticky":false,"template":"","format":"standard","meta":{"footnotes":""},"categories":[2834,29,8356,1,2839],"tags":[],"class_list":["post-129243","post","type-post","status-publish","format-standard","has-post-thumbnail","hentry","category-cidades","category-destaque","category-jundiai","category-noticias","category-saude"],"_links":{"self":[{"href":"https:\/\/tvtecjundiai.com.br\/news\/wp-json\/wp\/v2\/posts\/129243","targetHints":{"allow":["GET"]}}],"collection":[{"href":"https:\/\/tvtecjundiai.com.br\/news\/wp-json\/wp\/v2\/posts"}],"about":[{"href":"https:\/\/tvtecjundiai.com.br\/news\/wp-json\/wp\/v2\/types\/post"}],"author":[{"embeddable":true,"href":"https:\/\/tvtecjundiai.com.br\/news\/wp-json\/wp\/v2\/users\/24"}],"replies":[{"embeddable":true,"href":"https:\/\/tvtecjundiai.com.br\/news\/wp-json\/wp\/v2\/comments?post=129243"}],"version-history":[{"count":1,"href":"https:\/\/tvtecjundiai.com.br\/news\/wp-json\/wp\/v2\/posts\/129243\/revisions"}],"predecessor-version":[{"id":129245,"href":"https:\/\/tvtecjundiai.com.br\/news\/wp-json\/wp\/v2\/posts\/129243\/revisions\/129245"}],"wp:featuredmedia":[{"embeddable":true,"href":"https:\/\/tvtecjundiai.com.br\/news\/wp-json\/wp\/v2\/media\/129244"}],"wp:attachment":[{"href":"https:\/\/tvtecjundiai.com.br\/news\/wp-json\/wp\/v2\/media?parent=129243"}],"wp:term":[{"taxonomy":"category","embeddable":true,"href":"https:\/\/tvtecjundiai.com.br\/news\/wp-json\/wp\/v2\/categories?post=129243"},{"taxonomy":"post_tag","embeddable":true,"href":"https:\/\/tvtecjundiai.com.br\/news\/wp-json\/wp\/v2\/tags?post=129243"}],"curies":[{"name":"wp","href":"https:\/\/api.w.org\/{rel}","templated":true}]}}