{"id":129255,"date":"2025-07-02T10:29:25","date_gmt":"2025-07-02T13:29:25","guid":{"rendered":"https:\/\/tvtecjundiai.com.br\/news\/?p=129255"},"modified":"2025-07-02T14:32:28","modified_gmt":"2025-07-02T17:32:28","slug":"romario-vitorino-conquista-bicampeonato-brasileiro-de-jiu%e2%80%91jitsu","status":"publish","type":"post","link":"https:\/\/tvtecjundiai.com.br\/news\/2025\/07\/02\/romario-vitorino-conquista-bicampeonato-brasileiro-de-jiu%e2%80%91jitsu\/","title":{"rendered":"Rom\u00e1rio Vitorino conquista bicampeonato brasileiro de Jiu\u2011Jitsu"},"content":{"rendered":"\n<p>O lutador jundiaiense Rom\u00e1rio Vitorino brilhou mais uma vez no cen\u00e1rio nacional ao conquistar o bicampeonato brasileiro de Jiu-Jitsu, consolidando seu nome entre os grandes atletas da modalidade. A competi\u00e7\u00e3o foi realizada na \u00faltima semana, no Gin\u00e1sio do Ibirapuera, em S\u00e3o Paulo, e reuniu lutadores de alto n\u00edvel de todo o pa\u00eds.<\/p>\n\n\n\n<figure class=\"wp-block-image size-full is-resized\"><img loading=\"lazy\" decoding=\"async\" width=\"535\" height=\"613\" src=\"https:\/\/tvtecjundiai.com.br\/news\/wp-content\/uploads\/sites\/2\/2025\/07\/adadaasa.jpg\" alt=\"\" class=\"wp-image-129257\" style=\"width:840px;height:auto\" srcset=\"https:\/\/tvtecjundiai.com.br\/news\/wp-content\/uploads\/sites\/2\/2025\/07\/adadaasa.jpg 535w, https:\/\/tvtecjundiai.com.br\/news\/wp-content\/uploads\/sites\/2\/2025\/07\/adadaasa-300x344.jpg 300w\" sizes=\"auto, (max-width: 535px) 100vw, 535px\" \/><figcaption class=\"wp-element-caption\">Rom\u00e1rio Vitorino conquista bicampeonato brasileiro de Jiu\u2011Jitsu<\/figcaption><\/figure>\n\n\n\n<p>Representando Jundia\u00ed, Rom\u00e1rio celebrou a vit\u00f3ria com orgulho e fez quest\u00e3o de destacar a import\u00e2ncia do esporte na vida das crian\u00e7as e jovens. \u201cQuero que essa conquista sirva de incentivo para as crian\u00e7as que est\u00e3o nas academias. \u00c9 importante que elas n\u00e3o desistam dos seus sonhos\u201d, afirmou o atleta.<\/p>\n\n\n\n<p>Com treinos intensos e disciplina, Rom\u00e1rio refor\u00e7a a for\u00e7a do esporte local e o potencial das academias de Jundia\u00ed na forma\u00e7\u00e3o de novos talentos. A conquista reafirma sua trajet\u00f3ria de sucesso e inspira uma nova gera\u00e7\u00e3o de competidores.<\/p>\n\n\n\n<p>Fonte: Reda\u00e7\u00e3o TVTEC \/ Imagem: Arquivo pessoal<\/p>\n\n\n\n<p><\/p>\n","protected":false},"excerpt":{"rendered":"<p>O lutador jundiaiense Rom\u00e1rio Vitorino brilhou mais uma vez no cen\u00e1rio nacional ao conquistar o bicampeonato brasileiro de Jiu-Jitsu, consolidando seu nome entre os grandes atletas da modalidade.<\/p>\n","protected":false},"author":24,"featured_media":129258,"comment_status":"open","ping_status":"0","sticky":false,"template":"","format":"standard","meta":{"footnotes":""},"categories":[29,2827,8356],"tags":[],"class_list":["post-129255","post","type-post","status-publish","format-standard","has-post-thumbnail","hentry","category-destaque","category-esportes-e-lazer","category-jundiai"],"_links":{"self":[{"href":"https:\/\/tvtecjundiai.com.br\/news\/wp-json\/wp\/v2\/posts\/129255","targetHints":{"allow":["GET"]}}],"collection":[{"href":"https:\/\/tvtecjundiai.com.br\/news\/wp-json\/wp\/v2\/posts"}],"about":[{"href":"https:\/\/tvtecjundiai.com.br\/news\/wp-json\/wp\/v2\/types\/post"}],"author":[{"embeddable":true,"href":"https:\/\/tvtecjundiai.com.br\/news\/wp-json\/wp\/v2\/users\/24"}],"replies":[{"embeddable":true,"href":"https:\/\/tvtecjundiai.com.br\/news\/wp-json\/wp\/v2\/comments?post=129255"}],"version-history":[{"count":1,"href":"https:\/\/tvtecjundiai.com.br\/news\/wp-json\/wp\/v2\/posts\/129255\/revisions"}],"predecessor-version":[{"id":129260,"href":"https:\/\/tvtecjundiai.com.br\/news\/wp-json\/wp\/v2\/posts\/129255\/revisions\/129260"}],"wp:featuredmedia":[{"embeddable":true,"href":"https:\/\/tvtecjundiai.com.br\/news\/wp-json\/wp\/v2\/media\/129258"}],"wp:attachment":[{"href":"https:\/\/tvtecjundiai.com.br\/news\/wp-json\/wp\/v2\/media?parent=129255"}],"wp:term":[{"taxonomy":"category","embeddable":true,"href":"https:\/\/tvtecjundiai.com.br\/news\/wp-json\/wp\/v2\/categories?post=129255"},{"taxonomy":"post_tag","embeddable":true,"href":"https:\/\/tvtecjundiai.com.br\/news\/wp-json\/wp\/v2\/tags?post=129255"}],"curies":[{"name":"wp","href":"https:\/\/api.w.org\/{rel}","templated":true}]}}