{"id":12928,"date":"2018-06-28T08:52:35","date_gmt":"2018-06-28T11:52:35","guid":{"rendered":"https:\/\/tvtecjundiai.com.br\/news\/?p=12928"},"modified":"2018-06-28T08:53:06","modified_gmt":"2018-06-28T11:53:06","slug":"stf-pode-julgar-validade-da-reforma-trabalhista-nesta-quinta-28","status":"publish","type":"post","link":"https:\/\/tvtecjundiai.com.br\/news\/2018\/06\/28\/stf-pode-julgar-validade-da-reforma-trabalhista-nesta-quinta-28\/","title":{"rendered":"STF pode julgar validade da reforma trabalhista nesta quinta (28)"},"content":{"rendered":"<div id=\"attachment_12929\" style=\"width: 460px\" class=\"wp-caption alignright\"><a href=\"https:\/\/tvtecjundiai.com.br\/news\/wp-content\/uploads\/sites\/2\/2018\/06\/carteira-de-trabalho-clt-trabalhador-reforma-trabalhista-1493158914287_615x470.jpg\"><img loading=\"lazy\" decoding=\"async\" aria-describedby=\"caption-attachment-12929\" class=\"wp-image-12929\" src=\"https:\/\/tvtecjundiai.com.br\/news\/wp-content\/uploads\/sites\/2\/2018\/06\/carteira-de-trabalho-clt-trabalhador-reforma-trabalhista-1493158914287_615x470-300x229.jpg\" alt=\"\" width=\"450\" height=\"344\" srcset=\"https:\/\/tvtecjundiai.com.br\/news\/wp-content\/uploads\/sites\/2\/2018\/06\/carteira-de-trabalho-clt-trabalhador-reforma-trabalhista-1493158914287_615x470-300x229.jpg 300w, https:\/\/tvtecjundiai.com.br\/news\/wp-content\/uploads\/sites\/2\/2018\/06\/carteira-de-trabalho-clt-trabalhador-reforma-trabalhista-1493158914287_615x470.jpg 615w\" sizes=\"auto, (max-width: 450px) 100vw, 450px\" \/><\/a><p id=\"caption-attachment-12929\" class=\"wp-caption-text\">Ao STF, a Procuradoria-Geral da Rep\u00fablica deu parecer a favor das altera\u00e7\u00f5es<\/p><\/div>\n<p>O Supremo Tribunal Federal (STF) pode julgar, nesta quinta-feira\u00a0(28), a partir das 14h, a\u00e7\u00f5es protocoladas por diversos sindicatos de trabalhadores contra\u00a0altera\u00e7\u00f5es na Consolida\u00e7\u00e3o das Leis do Trabalho (CLT), feitas pela Lei 13.467\/2017, a reforma trabalhista. O primeiro item da pauta de julgamento ser\u00e1 uma a\u00e7\u00e3o que trata de\u00a0<em>royalties<\/em>\u00a0de petr\u00f3leo para Santa Catarina. Se o julgamento for conclu\u00eddo, as a\u00e7\u00f5es trabalhistas ser\u00e3o analisadas.<\/p>\n<p>Entre os pontos contestados est\u00e3o o fim da contribui\u00e7\u00e3o sindical obrigat\u00f3ria e o reconhecimento da pr\u00e1tica do trabalho intermitente, modalidade de contrata\u00e7\u00e3o de m\u00e3o de obra\u00a0autorizada pela nova legisla\u00e7\u00e3o trabalhista.<\/p>\n<p>As federa\u00e7\u00f5es sindicais alegam que o fim do imposto sindical obrigat\u00f3rio viola a Constitui\u00e7\u00e3o, pois inviabiliza suas atividades por extinguir repentinamente a fonte de 80% de suas receitas. Para os sindicatos, o imposto somente poderia ser extinto por meio da aprova\u00e7\u00e3o de uma lei complementar, e n\u00e3o uma lei ordin\u00e1ria, como foi aprovada a reforma.<\/p>\n<p>No caso do trabalho intermitente, os sindicatos alegaram que a modalidade precariza a rela\u00e7\u00e3o de emprego e ofende os princ\u00edpios constitucionais da veda\u00e7\u00e3o ao retrocesso social e da dignidade humana. Pelo trabalho intermitente,\u00a0o trabalhador aut\u00f4nomo poder\u00e1 prestar servi\u00e7os a mais de um contratante, em hor\u00e1rios distintos, mesmo que os contratantes atuem no mesmo segmento econ\u00f4mico. Com ou sem exclusividade, de forma cont\u00ednua ou\u00a0n\u00e3o,\u00a0o contrato de trabalho aut\u00f4nomo afasta o v\u00ednculo empregat\u00edcio permanente.<\/p>\n<p>Entretanto, o per\u00edodo de inatividade n\u00e3o ser\u00e1 considerado tempo \u00e0 disposi\u00e7\u00e3o do empregador e nem ser\u00e1 remunerado &#8211; hip\u00f3tese em que restar\u00e1 descaracterizado o contrato de\u00a0trabalho intermitente\u00a0caso haja remunera\u00e7\u00e3o por tempo \u00e0 disposi\u00e7\u00e3o no per\u00edodo de inatividade.<\/p>\n<p><em>(Fonte: Ag\u00eancia Brasil)<\/em><\/p>\n","protected":false},"excerpt":{"rendered":"<p>Ser\u00e3o contestados o fim da contribui\u00e7\u00e3o sindical e o trabalho intermitente<\/p>\n","protected":false},"author":10,"featured_media":12929,"comment_status":"closed","ping_status":"closed","sticky":false,"template":"","format":"standard","meta":{"footnotes":""},"categories":[2834,2829],"tags":[1903,5,3515,15],"class_list":["post-12928","post","type-post","status-publish","format-standard","has-post-thumbnail","hentry","category-cidades","category-economia","tag-brasil","tag-jundiai","tag-reforma-trabalhista","tag-tvtec"],"_links":{"self":[{"href":"https:\/\/tvtecjundiai.com.br\/news\/wp-json\/wp\/v2\/posts\/12928","targetHints":{"allow":["GET"]}}],"collection":[{"href":"https:\/\/tvtecjundiai.com.br\/news\/wp-json\/wp\/v2\/posts"}],"about":[{"href":"https:\/\/tvtecjundiai.com.br\/news\/wp-json\/wp\/v2\/types\/post"}],"author":[{"embeddable":true,"href":"https:\/\/tvtecjundiai.com.br\/news\/wp-json\/wp\/v2\/users\/10"}],"replies":[{"embeddable":true,"href":"https:\/\/tvtecjundiai.com.br\/news\/wp-json\/wp\/v2\/comments?post=12928"}],"version-history":[{"count":2,"href":"https:\/\/tvtecjundiai.com.br\/news\/wp-json\/wp\/v2\/posts\/12928\/revisions"}],"predecessor-version":[{"id":12931,"href":"https:\/\/tvtecjundiai.com.br\/news\/wp-json\/wp\/v2\/posts\/12928\/revisions\/12931"}],"wp:featuredmedia":[{"embeddable":true,"href":"https:\/\/tvtecjundiai.com.br\/news\/wp-json\/wp\/v2\/media\/12929"}],"wp:attachment":[{"href":"https:\/\/tvtecjundiai.com.br\/news\/wp-json\/wp\/v2\/media?parent=12928"}],"wp:term":[{"taxonomy":"category","embeddable":true,"href":"https:\/\/tvtecjundiai.com.br\/news\/wp-json\/wp\/v2\/categories?post=12928"},{"taxonomy":"post_tag","embeddable":true,"href":"https:\/\/tvtecjundiai.com.br\/news\/wp-json\/wp\/v2\/tags?post=12928"}],"curies":[{"name":"wp","href":"https:\/\/api.w.org\/{rel}","templated":true}]}}