{"id":129465,"date":"2025-07-08T14:34:24","date_gmt":"2025-07-08T17:34:24","guid":{"rendered":"https:\/\/tvtecjundiai.com.br\/news\/?p=129465"},"modified":"2025-07-08T14:34:24","modified_gmt":"2025-07-08T17:34:24","slug":"defesa-civil-de-jundiai-participa-de-curso-de-capacitacao-sobre-seguranca-de-barragens-e-elaboracao-do-plano-de-contingencia-municipal","status":"publish","type":"post","link":"https:\/\/tvtecjundiai.com.br\/news\/2025\/07\/08\/defesa-civil-de-jundiai-participa-de-curso-de-capacitacao-sobre-seguranca-de-barragens-e-elaboracao-do-plano-de-contingencia-municipal\/","title":{"rendered":"Defesa Civil de Jundia\u00ed participa de curso de capacita\u00e7\u00e3o sobre seguran\u00e7a de barragens e elabora\u00e7\u00e3o do Plano de Conting\u00eancia Municipal"},"content":{"rendered":"\n<p>A Defesa Civil de Jundia\u00ed participou da capacita\u00e7\u00e3o promovida pela Defesa Civil Estadual, com foco na Pol\u00edtica Nacional de Seguran\u00e7a de Barragens (PNSB) e na elabora\u00e7\u00e3o de Planos de Conting\u00eancia Municipais (PLANCON).<\/p>\n\n\n\n<p>O curso teve o objetivo de apoiar os munic\u00edpios na integra\u00e7\u00e3o, planejamento e execu\u00e7\u00e3o de a\u00e7\u00f5es voltadas \u00e0 preven\u00e7\u00e3o e resposta a situa\u00e7\u00f5es de emerg\u00eancia envolvendo barragens.<\/p>\n\n\n\n<figure class=\"wp-block-image\"><a class=\"fancybox image\" href=\"https:\/\/jundiai.sp.gov.br\/noticias\/wp-content\/uploads\/sites\/32\/2025\/07\/curso_barragem_defesa_civil-3-1-1280x853.jpg\"><img decoding=\"async\" src=\"https:\/\/jundiai.sp.gov.br\/noticias\/wp-content\/uploads\/sites\/32\/2025\/07\/curso_barragem_defesa_civil-3-1-1280x853.jpg\" alt=\"\" class=\"wp-image-361228\" \/><\/a><figcaption class=\"wp-element-caption\">Curso de capacita\u00e7\u00e3o sobre seguran\u00e7a de barragens<\/figcaption><\/figure>\n\n\n\n<p><strong>Durante o curso foram abordados cinco eixos tem\u00e1ticos:<\/strong><\/p>\n\n\n\n<p>1. Sistema Nacional de Prote\u00e7\u00e3o e Defesa Civil (SINPDEC) \u2013 com \u00eanfase na compet\u00eancia legal dos munic\u00edpios e na integra\u00e7\u00e3o da Pol\u00edtica Nacional de Prote\u00e7\u00e3o e Defesa Civil (PNPDEC) com as demais pol\u00edticas setoriais, refor\u00e7ando a obrigatoriedade de elabora\u00e7\u00e3o do PLANCON;<\/p>\n\n\n\n<p>2. Aspectos legais da Pol\u00edtica Nacional de Seguran\u00e7a de Barragens (PNSB) \u2013 destacando a articula\u00e7\u00e3o entre a PNSB e a PNPDEC;<\/p>\n\n\n\n<p>3. Plano de A\u00e7\u00e3o de Emerg\u00eancia (PAE) \u2013 com foco na elabora\u00e7\u00e3o participativa e no papel do poder p\u00fablico municipal em conjunto com os empreendedores respons\u00e1veis por barragens;<\/p>\n\n\n\n<p>4. Elabora\u00e7\u00e3o do Plano de Conting\u00eancia Municipal (PLANCON) \u2013 com diretrizes pr\u00e1ticas para estrutura\u00e7\u00e3o e implementa\u00e7\u00e3o dos planos municipais;<\/p>\n\n\n\n<p>5. Plano de Conting\u00eancia Municipal espec\u00edfico para barragens \u2013 com foco em medidas preventivas e de resposta r\u00e1pida em caso de incidentes.<\/p>\n\n\n\n<p><strong>Plano de Conting\u00eancia de Jundia\u00ed<\/strong><\/p>\n\n\n\n<p>O coordenador da Defesa Civil de Jundia\u00ed, coronel Gimenez refor\u00e7ou a import\u00e2ncia da capacita\u00e7\u00e3o.<\/p>\n\n\n\n<p>\u201cJundia\u00ed j\u00e1 possui os planos necess\u00e1rios, e neste momento estamos na fase de verifica\u00e7\u00e3o e estrutura\u00e7\u00e3o das etapas que antecedem a realiza\u00e7\u00e3o de um simulado. Esse curso teve como objetivo qualificar os empreendedores, os agentes da Prefeitura e da Defesa Civil, que s\u00e3o respons\u00e1veis por analisar os planos apresentados, sugerir corre\u00e7\u00f5es, aprov\u00e1-los e, posteriormente, realizar simula\u00e7\u00f5es em parceria com os empreendedores para avaliar a efic\u00e1cia das a\u00e7\u00f5es previstas\u201d, explicou Gimenez.<\/p>\n\n\n\n<p><\/p>\n\n\n\n<p>Fonte \/ Imagem: Prefeitura de Jundia\u00ed<\/p>\n","protected":false},"excerpt":{"rendered":"<p>O curso teve o objetivo de apoiar os munic\u00edpios na integra\u00e7\u00e3o, planejamento e execu\u00e7\u00e3o de a\u00e7\u00f5es voltadas \u00e0 preven\u00e7\u00e3o e resposta a situa\u00e7\u00f5es de emerg\u00eancia envolvendo barragens.<\/p>\n","protected":false},"author":24,"featured_media":129466,"comment_status":"open","ping_status":"0","sticky":false,"template":"","format":"standard","meta":{"footnotes":""},"categories":[8427,8407,8356,4831],"tags":[],"class_list":["post-129465","post","type-post","status-publish","format-standard","has-post-thumbnail","hentry","category-capacitacao","category-defesa-civil","category-jundiai","category-seguranca"],"_links":{"self":[{"href":"https:\/\/tvtecjundiai.com.br\/news\/wp-json\/wp\/v2\/posts\/129465","targetHints":{"allow":["GET"]}}],"collection":[{"href":"https:\/\/tvtecjundiai.com.br\/news\/wp-json\/wp\/v2\/posts"}],"about":[{"href":"https:\/\/tvtecjundiai.com.br\/news\/wp-json\/wp\/v2\/types\/post"}],"author":[{"embeddable":true,"href":"https:\/\/tvtecjundiai.com.br\/news\/wp-json\/wp\/v2\/users\/24"}],"replies":[{"embeddable":true,"href":"https:\/\/tvtecjundiai.com.br\/news\/wp-json\/wp\/v2\/comments?post=129465"}],"version-history":[{"count":1,"href":"https:\/\/tvtecjundiai.com.br\/news\/wp-json\/wp\/v2\/posts\/129465\/revisions"}],"predecessor-version":[{"id":129467,"href":"https:\/\/tvtecjundiai.com.br\/news\/wp-json\/wp\/v2\/posts\/129465\/revisions\/129467"}],"wp:featuredmedia":[{"embeddable":true,"href":"https:\/\/tvtecjundiai.com.br\/news\/wp-json\/wp\/v2\/media\/129466"}],"wp:attachment":[{"href":"https:\/\/tvtecjundiai.com.br\/news\/wp-json\/wp\/v2\/media?parent=129465"}],"wp:term":[{"taxonomy":"category","embeddable":true,"href":"https:\/\/tvtecjundiai.com.br\/news\/wp-json\/wp\/v2\/categories?post=129465"},{"taxonomy":"post_tag","embeddable":true,"href":"https:\/\/tvtecjundiai.com.br\/news\/wp-json\/wp\/v2\/tags?post=129465"}],"curies":[{"name":"wp","href":"https:\/\/api.w.org\/{rel}","templated":true}]}}