{"id":129736,"date":"2025-07-21T08:46:32","date_gmt":"2025-07-21T11:46:32","guid":{"rendered":"https:\/\/tvtecjundiai.com.br\/news\/?p=129736"},"modified":"2025-07-21T08:46:32","modified_gmt":"2025-07-21T11:46:32","slug":"linha-917-tera-novo-itinerario-a-partir-de-quarta-feira-23","status":"publish","type":"post","link":"https:\/\/tvtecjundiai.com.br\/news\/2025\/07\/21\/linha-917-tera-novo-itinerario-a-partir-de-quarta-feira-23\/","title":{"rendered":"Linha 917 ter\u00e1 novo itiner\u00e1rio a partir de quarta-feira (23)"},"content":{"rendered":"\n<p>A Unidade de Gest\u00e3o de Mobilidade e Transporte (UGMT) informa que a linha 917 \u2013 Terminal Vila Arens \/ Terminal Hortol\u00e2ndia ter\u00e1 seu itiner\u00e1rio alterado a partir desta quarta-feira (23). A mudan\u00e7a faz parte do processo cont\u00ednuo de aperfei\u00e7oamento do sistema de transporte coletivo municipal, com o objetivo de ampliar a cobertura e melhorar o atendimento aos usu\u00e1rios.<\/p>\n\n\n\n<p>Com a atualiza\u00e7\u00e3o, os \u00f4nibus da linha passar\u00e3o a circular pela Rua Tiradentes e Avenida Alberto Rodrigues de Oliveira, nos dois sentidos, beneficiando diretamente os moradores da regi\u00e3o do Horto Florestal e visitantes do parque Mundo das Crian\u00e7as. A medida visa facilitar o acesso ao transporte p\u00fablico nessas \u00e1reas, que apresentam demanda crescente.<\/p>\n\n\n\n<p>De acordo com o diretor da UGMT, Bruno Palhari, a readequa\u00e7\u00e3o atende a pedidos da popula\u00e7\u00e3o e acompanha o desenvolvimento da cidade. \u201cEssa altera\u00e7\u00e3o representa uma melhoria importante para os moradores do entorno do Horto Florestal, uma regi\u00e3o que tem crescido e recebido cada vez mais visitantes. Com o novo itiner\u00e1rio, conseguimos oferecer uma cobertura mais eficiente e atender melhor quem depende do transporte p\u00fablico para circular pela cidade\u201d, destaca Palhari.<\/p>\n\n\n\n<p>Al\u00e9m da linha 917, outras adequa\u00e7\u00f5es tamb\u00e9m entram em vigor nesta semana. Na segunda-feira (21), as linhas 705 \u2013 Terminal Vila Arens \/ Jundia\u00ed-Mirim e 720 \u2013 Terminal Central \/ Jardim S\u00e3o Camilo ter\u00e3o ajustes em seus hor\u00e1rios, com o objetivo de reduzir atrasos identificados e melhorar a pontualidade e a regularidade das viagens.<\/p>\n\n\n\n<p>As novas tabelas hor\u00e1rias j\u00e1 est\u00e3o dispon\u00edveis no site oficial do&nbsp;<a href=\"https:\/\/situ.jundiai.sp.gov.br\/\">Sistema Integrado de Transporte Urbano&nbsp;<\/a>(SITU), bem como nos aplicativos&nbsp;<a href=\"https:\/\/www.cittamobi.com.br\/\">Cittamobi<\/a>&nbsp;e&nbsp;<a href=\"https:\/\/www.google.com\/maps\/\">Google Maps<\/a>. A UGMT orienta os usu\u00e1rios a utilizarem essas plataformas para acompanhar, em tempo real, os hor\u00e1rios e a localiza\u00e7\u00e3o dos \u00f4nibus.<\/p>\n\n\n\n<p>As altera\u00e7\u00f5es fazem parte do compromisso da UGMT em oferecer um transporte p\u00fablico cada vez mais eficiente, pontual e alinhado \u00e0s necessidades da popula\u00e7\u00e3o, refor\u00e7ando o planejamento e a melhoria cont\u00ednua do sistema de mobilidade urbana da cidade.<\/p>\n\n\n\n<p>Fonte \/ Imagem: Prefeitura de Jundia\u00ed<\/p>\n","protected":false},"excerpt":{"rendered":"<p>As altera\u00e7\u00f5es fazem parte do compromisso da UGMT em oferecer um transporte p\u00fablico cada vez mais eficiente, pontual e alinhado \u00e0s necessidades da popula\u00e7\u00e3o, refor\u00e7ando o planejamento e a melhoria cont\u00ednua do sistema de mobilidade urbana da cidade.<\/p>\n","protected":false},"author":24,"featured_media":129737,"comment_status":"open","ping_status":"0","sticky":false,"template":"","format":"standard","meta":{"footnotes":""},"categories":[29,8356,5697],"tags":[],"class_list":["post-129736","post","type-post","status-publish","format-standard","has-post-thumbnail","hentry","category-destaque","category-jundiai","category-mobilidade-noticias"],"_links":{"self":[{"href":"https:\/\/tvtecjundiai.com.br\/news\/wp-json\/wp\/v2\/posts\/129736","targetHints":{"allow":["GET"]}}],"collection":[{"href":"https:\/\/tvtecjundiai.com.br\/news\/wp-json\/wp\/v2\/posts"}],"about":[{"href":"https:\/\/tvtecjundiai.com.br\/news\/wp-json\/wp\/v2\/types\/post"}],"author":[{"embeddable":true,"href":"https:\/\/tvtecjundiai.com.br\/news\/wp-json\/wp\/v2\/users\/24"}],"replies":[{"embeddable":true,"href":"https:\/\/tvtecjundiai.com.br\/news\/wp-json\/wp\/v2\/comments?post=129736"}],"version-history":[{"count":1,"href":"https:\/\/tvtecjundiai.com.br\/news\/wp-json\/wp\/v2\/posts\/129736\/revisions"}],"predecessor-version":[{"id":129738,"href":"https:\/\/tvtecjundiai.com.br\/news\/wp-json\/wp\/v2\/posts\/129736\/revisions\/129738"}],"wp:featuredmedia":[{"embeddable":true,"href":"https:\/\/tvtecjundiai.com.br\/news\/wp-json\/wp\/v2\/media\/129737"}],"wp:attachment":[{"href":"https:\/\/tvtecjundiai.com.br\/news\/wp-json\/wp\/v2\/media?parent=129736"}],"wp:term":[{"taxonomy":"category","embeddable":true,"href":"https:\/\/tvtecjundiai.com.br\/news\/wp-json\/wp\/v2\/categories?post=129736"},{"taxonomy":"post_tag","embeddable":true,"href":"https:\/\/tvtecjundiai.com.br\/news\/wp-json\/wp\/v2\/tags?post=129736"}],"curies":[{"name":"wp","href":"https:\/\/api.w.org\/{rel}","templated":true}]}}