{"id":131141,"date":"2025-09-18T09:07:24","date_gmt":"2025-09-18T12:07:24","guid":{"rendered":"https:\/\/tvtecjundiai.com.br\/news\/?p=131141"},"modified":"2025-09-18T09:07:24","modified_gmt":"2025-09-18T12:07:24","slug":"inos-corradin-o-artista-que-coloriu-jundiai-e-o-brasil-morre-aos-95-anos","status":"publish","type":"post","link":"https:\/\/tvtecjundiai.com.br\/news\/2025\/09\/18\/inos-corradin-o-artista-que-coloriu-jundiai-e-o-brasil-morre-aos-95-anos\/","title":{"rendered":"Inos Corradin, o artista que coloriu Jundia\u00ed e o Brasil, morre aos 95 anos"},"content":{"rendered":"\n<p>Inos Corradin n\u00e3o foi apenas um artista pl\u00e1stico. Foi um nome que se confundiu com a identidade cultural de Jundia\u00ed, cidade que o acolheu ainda jovem e onde construiu uma carreira art\u00edstica de reconhecimento nacional e internacional. Corradin faleceu nesta quarta-feira (17), aos 95 anos, deixando tr\u00eas filhos e um legado que atravessa gera\u00e7\u00f5es.<\/p>\n\n\n\n<figure class=\"wp-block-image size-large\"><img loading=\"lazy\" decoding=\"async\" width=\"1200\" height=\"675\" src=\"https:\/\/tvtecjundiai.com.br\/news\/wp-content\/uploads\/sites\/2\/2025\/09\/2646f58e-45d5-4ccc-9971-4e70b632cdbc-1200x675.jpg\" alt=\"\" class=\"wp-image-131142\" srcset=\"https:\/\/tvtecjundiai.com.br\/news\/wp-content\/uploads\/sites\/2\/2025\/09\/2646f58e-45d5-4ccc-9971-4e70b632cdbc-1200x675.jpg 1200w, https:\/\/tvtecjundiai.com.br\/news\/wp-content\/uploads\/sites\/2\/2025\/09\/2646f58e-45d5-4ccc-9971-4e70b632cdbc-300x169.jpg 300w, https:\/\/tvtecjundiai.com.br\/news\/wp-content\/uploads\/sites\/2\/2025\/09\/2646f58e-45d5-4ccc-9971-4e70b632cdbc-768x432.jpg 768w, https:\/\/tvtecjundiai.com.br\/news\/wp-content\/uploads\/sites\/2\/2025\/09\/2646f58e-45d5-4ccc-9971-4e70b632cdbc.jpg 1280w\" sizes=\"auto, (max-width: 1200px) 100vw, 1200px\" \/><figcaption class=\"wp-element-caption\">Sua trajet\u00f3ria nas artes visuais foi extensa e consistente<\/figcaption><\/figure>\n\n\n\n<p>Nascido em 1929, na cidade de Vogna, na It\u00e1lia, Corradin chegou ao Brasil em 1950. Logo se estabeleceu em Jundia\u00ed, onde encontrou n\u00e3o apenas um lar, mas tamb\u00e9m inspira\u00e7\u00e3o para dar forma e cor a uma obra marcada pela expressividade, pelo l\u00fadico e pela vida cotidiana.<\/p>\n\n\n\n<p>Sua trajet\u00f3ria nas artes visuais foi extensa e consistente. Participou de importantes exposi\u00e7\u00f5es como o Sal\u00e3o Paulista de Arte Moderna e o Sal\u00e3o Nacional de Arte Moderna, consolidando-se como um dos grandes nomes da arte moderna brasileira. Em cada tela ou escultura, Corradin revelava um universo pr\u00f3prio \u2014 vibrante, sens\u00edvel e acess\u00edvel.<\/p>\n\n\n\n<p>A como\u00e7\u00e3o pelo falecimento do artista se espalhou pela cidade. &#8220;Nos tempos de escola, sua figura j\u00e1 era reconhecida e admirada por todos. Inos Corradin elevou o nome da nossa cidade no Brasil e no mundo. Seu legado permanecer\u00e1 vivo em cada tela e escultura&#8221;, afirmou o prefeito Gustavo Martinelli, em nota de pesar.<\/p>\n\n\n\n<p>Para al\u00e9m das galerias, a presen\u00e7a de Corradin \u00e9 sentida nas ruas, nas casas e nos espa\u00e7os p\u00fablicos de Jundia\u00ed. Ele \u00e9 um daqueles artistas cuja obra n\u00e3o ficou restrita a paredes de museus \u2014 ela circulou, dialogou com o povo e ajudou a contar a hist\u00f3ria da cidade.<\/p>\n\n\n\n<p>O vel\u00f3rio e sepultamento do artista pl\u00e1stico ser\u00e1 nesta quinta-feira (18), a partir das 15h, no Cemit\u00e9rio Parque dos Ip\u00eas, na Avenida Osmundo dos Santos Pelegrini, no bairro do Retiro, em Jundia\u00ed.<\/p>\n\n\n\n<p><\/p>\n\n\n\n<p><\/p>\n\n\n\n<p>Fonte \/ Imagem: Forma arte.com<\/p>\n\n\n\n<p><\/p>\n","protected":false},"excerpt":{"rendered":"<p>O vel\u00f3rio e sepultamento do artista pl\u00e1stico ser\u00e1 nesta quinta-feira (18), a partir das 15h, no Cemit\u00e9rio Parque dos Ip\u00eas, em Jundia\u00ed<\/p>\n","protected":false},"author":24,"featured_media":131143,"comment_status":"closed","ping_status":"0","sticky":false,"template":"","format":"standard","meta":{"footnotes":""},"categories":[2833,29,8356],"tags":[],"class_list":["post-131141","post","type-post","status-publish","format-standard","has-post-thumbnail","hentry","category-cultura","category-destaque","category-jundiai"],"_links":{"self":[{"href":"https:\/\/tvtecjundiai.com.br\/news\/wp-json\/wp\/v2\/posts\/131141","targetHints":{"allow":["GET"]}}],"collection":[{"href":"https:\/\/tvtecjundiai.com.br\/news\/wp-json\/wp\/v2\/posts"}],"about":[{"href":"https:\/\/tvtecjundiai.com.br\/news\/wp-json\/wp\/v2\/types\/post"}],"author":[{"embeddable":true,"href":"https:\/\/tvtecjundiai.com.br\/news\/wp-json\/wp\/v2\/users\/24"}],"replies":[{"embeddable":true,"href":"https:\/\/tvtecjundiai.com.br\/news\/wp-json\/wp\/v2\/comments?post=131141"}],"version-history":[{"count":4,"href":"https:\/\/tvtecjundiai.com.br\/news\/wp-json\/wp\/v2\/posts\/131141\/revisions"}],"predecessor-version":[{"id":131164,"href":"https:\/\/tvtecjundiai.com.br\/news\/wp-json\/wp\/v2\/posts\/131141\/revisions\/131164"}],"wp:featuredmedia":[{"embeddable":true,"href":"https:\/\/tvtecjundiai.com.br\/news\/wp-json\/wp\/v2\/media\/131143"}],"wp:attachment":[{"href":"https:\/\/tvtecjundiai.com.br\/news\/wp-json\/wp\/v2\/media?parent=131141"}],"wp:term":[{"taxonomy":"category","embeddable":true,"href":"https:\/\/tvtecjundiai.com.br\/news\/wp-json\/wp\/v2\/categories?post=131141"},{"taxonomy":"post_tag","embeddable":true,"href":"https:\/\/tvtecjundiai.com.br\/news\/wp-json\/wp\/v2\/tags?post=131141"}],"curies":[{"name":"wp","href":"https:\/\/api.w.org\/{rel}","templated":true}]}}