{"id":131175,"date":"2025-09-18T10:53:54","date_gmt":"2025-09-18T13:53:54","guid":{"rendered":"https:\/\/tvtecjundiai.com.br\/news\/?p=131175"},"modified":"2025-09-18T10:53:54","modified_gmt":"2025-09-18T13:53:54","slug":"prefeitura-de-jundiai-inicia-manutencao-da-praca-das-bandeiras","status":"publish","type":"post","link":"https:\/\/tvtecjundiai.com.br\/news\/2025\/09\/18\/prefeitura-de-jundiai-inicia-manutencao-da-praca-das-bandeiras\/","title":{"rendered":"Prefeitura de Jundia\u00ed inicia manuten\u00e7\u00e3o da Pra\u00e7a das Bandeiras"},"content":{"rendered":"\n<p>A Prefeitura de Jundia\u00ed deu in\u00edcio ao processo de manuten\u00e7\u00e3o da Pra\u00e7a das Bandeiras, localizada ao lado do Terminal Central. Os trabalhos est\u00e3o sendo executados pela Secretaria Municipal de Infraestrutura e Servi\u00e7os P\u00fablicos (SMISP), por meio dos Departamentos de Parques, Jardins e Pra\u00e7as, Ilumina\u00e7\u00e3o P\u00fablica e Zeladoria e Conserva\u00e7\u00e3o.<\/p>\n\n\n\n<figure class=\"wp-block-image\"><a class=\"fancybox image\" href=\"https:\/\/jundiai.sp.gov.br\/noticias\/wp-content\/uploads\/sites\/32\/2025\/09\/revitalizacao_-praca_-da_bandeira_rw-64-1280x960.jpg\"><img decoding=\"async\" src=\"https:\/\/jundiai.sp.gov.br\/noticias\/wp-content\/uploads\/sites\/32\/2025\/09\/revitalizacao_-praca_-da_bandeira_rw-64-1280x960.jpg\" alt=\"\" class=\"wp-image-365151\" \/><\/a><figcaption class=\"wp-element-caption\">Prefeitura inicia a manuten\u00e7\u00e3o da Pra\u00e7a das Bandeiras \u2013 Regi\u00e3o Central<\/figcaption><\/figure>\n\n\n\n<p>A primeira etapa contempla a poda t\u00e9cnica das \u00e1rvores, fundamental para garantir seguran\u00e7a, sa\u00fade vegetal e valoriza\u00e7\u00e3o do espa\u00e7o urbano. \u201cEsse tipo de poda \u00e9 realizado de forma a retirar apenas os galhos necess\u00e1rios, sem comprometer a vitalidade das \u00e1rvores. Al\u00e9m disso, melhora a ilumina\u00e7\u00e3o, tornando o espa\u00e7o mais seguro para a popula\u00e7\u00e3o\u201d, explicou Marcos Galdino, secret\u00e1rio de Infraestrutura e Servi\u00e7os P\u00fablicos.<\/p>\n\n\n\n<p><strong>Limpeza e manuten\u00e7\u00e3o das galerias<\/strong><br>Al\u00e9m da poda, a Pra\u00e7a das Bandeiras vai passar por limpeza completa das galerias pluviais e hidrojateamento para desobstru\u00e7\u00e3o total, a\u00e7\u00e3o que vai garantir maior efici\u00eancia no escoamento das \u00e1guas de chuva e reduzir o risco de alagamentos.<\/p>\n\n\n\n<p><strong>Ilumina\u00e7\u00e3o p\u00fablica<\/strong><br>O Departamento de Ilumina\u00e7\u00e3o P\u00fablica far\u00e1 a substitui\u00e7\u00e3o das lumin\u00e1rias de LED com defeito, refor\u00e7ando a seguran\u00e7a e garantindo melhor ilumina\u00e7\u00e3o em toda a \u00e1rea.<\/p>\n\n\n\n<p><strong>Zeladoria e conserva\u00e7\u00e3o<\/strong><br>J\u00e1 o Departamento de Zeladoria e Conserva\u00e7\u00e3o far\u00e1 a pintura geral da pra\u00e7a, incluindo guias e a mureta externa.<\/p>\n\n\n\n<div class=\"wp-block-columns is-layout-flex wp-container-core-columns-is-layout-9d6595d7 wp-block-columns-is-layout-flex\">\n<div class=\"wp-block-column is-layout-flow wp-block-column-is-layout-flow\">\n<figure class=\"wp-block-image\"><img decoding=\"async\" src=\"https:\/\/jundiai.sp.gov.br\/noticias\/wp-content\/uploads\/sites\/32\/2025\/09\/revitalizacao_-praca_-da_bandeira_rw-28-1280x853.jpg\" alt=\"\" class=\"wp-image-365152\" \/><\/figure>\n<\/div>\n\n\n\n<div class=\"wp-block-column is-layout-flow wp-block-column-is-layout-flow\">\n<figure class=\"wp-block-image\"><img decoding=\"async\" src=\"https:\/\/jundiai.sp.gov.br\/noticias\/wp-content\/uploads\/sites\/32\/2025\/09\/revitalizacao_-praca_-da_bandeira_rw-32-1280x853.jpg\" alt=\"\" class=\"wp-image-365153\" \/><\/figure>\n<\/div>\n\n\n\n<div class=\"wp-block-column is-layout-flow wp-block-column-is-layout-flow\">\n<figure class=\"wp-block-image\"><img decoding=\"async\" src=\"https:\/\/jundiai.sp.gov.br\/noticias\/wp-content\/uploads\/sites\/32\/2025\/09\/revitalizacao_-praca_-da_bandeira_rw-37-1280x853.jpg\" alt=\"\" class=\"wp-image-365154\" \/><\/figure>\n<\/div>\n<\/div>\n\n\n\n<p><\/p>\n\n\n\n<p>De acordo com Renan Peres, assessor especial da SMISP e membro do Grupo de Revitaliza\u00e7\u00e3o do Centro, a manuten\u00e7\u00e3o \u00e9 uma das a\u00e7\u00f5es imediatas de melhorias dentro do projeto global de revitalizar o Centro de Jundia\u00ed. \u201cA Pra\u00e7a das Bandeiras \u00e9 um dos principais pontos de refer\u00eancia de Jundia\u00ed, com grande circula\u00e7\u00e3o de pessoas e import\u00e2ncia hist\u00f3rica. Esta interven\u00e7\u00e3o reafirma o compromisso da Prefeitura com a qualidade de vida e a valoriza\u00e7\u00e3o dos espa\u00e7os p\u00fablicos\u201d, destacou.<\/p>\n\n\n\n<p><\/p>\n\n\n\n<p>Fonte \/ Imagem: Prefeitura de Jundia\u00ed<\/p>\n","protected":false},"excerpt":{"rendered":"<p>Manuten\u00e7\u00e3o deve ser conclu\u00edda at\u00e9 sexta-feira, 19 de setembro<\/p>\n","protected":false},"author":24,"featured_media":131176,"comment_status":"open","ping_status":"0","sticky":false,"template":"","format":"standard","meta":{"footnotes":""},"categories":[29,8356],"tags":[],"class_list":["post-131175","post","type-post","status-publish","format-standard","has-post-thumbnail","hentry","category-destaque","category-jundiai"],"_links":{"self":[{"href":"https:\/\/tvtecjundiai.com.br\/news\/wp-json\/wp\/v2\/posts\/131175","targetHints":{"allow":["GET"]}}],"collection":[{"href":"https:\/\/tvtecjundiai.com.br\/news\/wp-json\/wp\/v2\/posts"}],"about":[{"href":"https:\/\/tvtecjundiai.com.br\/news\/wp-json\/wp\/v2\/types\/post"}],"author":[{"embeddable":true,"href":"https:\/\/tvtecjundiai.com.br\/news\/wp-json\/wp\/v2\/users\/24"}],"replies":[{"embeddable":true,"href":"https:\/\/tvtecjundiai.com.br\/news\/wp-json\/wp\/v2\/comments?post=131175"}],"version-history":[{"count":1,"href":"https:\/\/tvtecjundiai.com.br\/news\/wp-json\/wp\/v2\/posts\/131175\/revisions"}],"predecessor-version":[{"id":131177,"href":"https:\/\/tvtecjundiai.com.br\/news\/wp-json\/wp\/v2\/posts\/131175\/revisions\/131177"}],"wp:featuredmedia":[{"embeddable":true,"href":"https:\/\/tvtecjundiai.com.br\/news\/wp-json\/wp\/v2\/media\/131176"}],"wp:attachment":[{"href":"https:\/\/tvtecjundiai.com.br\/news\/wp-json\/wp\/v2\/media?parent=131175"}],"wp:term":[{"taxonomy":"category","embeddable":true,"href":"https:\/\/tvtecjundiai.com.br\/news\/wp-json\/wp\/v2\/categories?post=131175"},{"taxonomy":"post_tag","embeddable":true,"href":"https:\/\/tvtecjundiai.com.br\/news\/wp-json\/wp\/v2\/tags?post=131175"}],"curies":[{"name":"wp","href":"https:\/\/api.w.org\/{rel}","templated":true}]}}