{"id":131200,"date":"2025-09-19T09:44:29","date_gmt":"2025-09-19T12:44:29","guid":{"rendered":"https:\/\/tvtecjundiai.com.br\/news\/?p=131200"},"modified":"2025-09-19T09:47:33","modified_gmt":"2025-09-19T12:47:33","slug":"final-de-semana-sera-de-calor-intenso-e-chuva-no-sabado","status":"publish","type":"post","link":"https:\/\/tvtecjundiai.com.br\/news\/2025\/09\/19\/final-de-semana-sera-de-calor-intenso-e-chuva-no-sabado\/","title":{"rendered":"Final de semana ser\u00e1 de calor intenso e chuva no s\u00e1bado"},"content":{"rendered":"\n<p><br>Jundia\u00ed ter\u00e1 um final de semana marcado por altas temperaturas com mudan\u00e7as bruscas no clima, segundo a previs\u00e3o do Climatempo.<br>No s\u00e1bado (20), o dia ser\u00e1 de sol entre muitas nuvens, com per\u00edodos de c\u00e9u nublado. J\u00e1 a noite, as t\u00e3o aguardadas pancadas de chuva, podem ocorrer de forma isolada. As temperaturas variam entre m\u00ednima de 18\u00b0C e m\u00e1xima de 31\u00b0C.<\/p>\n\n\n\n<figure class=\"wp-block-image size-full is-resized\"><img loading=\"lazy\" decoding=\"async\" width=\"1280\" height=\"789\" src=\"https:\/\/tvtecjundiai.com.br\/news\/wp-content\/uploads\/sites\/2\/2025\/09\/tempestade_raio_paco.jpg\" alt=\"\" class=\"wp-image-131205\" style=\"width:840px;height:auto\" srcset=\"https:\/\/tvtecjundiai.com.br\/news\/wp-content\/uploads\/sites\/2\/2025\/09\/tempestade_raio_paco.jpg 1280w, https:\/\/tvtecjundiai.com.br\/news\/wp-content\/uploads\/sites\/2\/2025\/09\/tempestade_raio_paco-300x185.jpg 300w, https:\/\/tvtecjundiai.com.br\/news\/wp-content\/uploads\/sites\/2\/2025\/09\/tempestade_raio_paco-1200x740.jpg 1200w, https:\/\/tvtecjundiai.com.br\/news\/wp-content\/uploads\/sites\/2\/2025\/09\/tempestade_raio_paco-768x473.jpg 768w\" sizes=\"auto, (max-width: 1280px) 100vw, 1280px\" \/><figcaption class=\"wp-element-caption\">Final de semana ser\u00e1 de calor intenso e chuva no s\u00e1bado<\/figcaption><\/figure>\n\n\n\n<p><br>No domingo (21), o sol aparece novamente, mas a nebulosidade aumenta no per\u00edodo da tarde. Apesar das nuvens, n\u00e3o h\u00e1 previs\u00e3o de chuva. Os term\u00f4metros devem oscilar entre m\u00ednima de 20\u00b0C e m\u00e1xima de 33\u00b0C, indicando mais um dia de calor intenso na cidade.<br>Com o tempo inst\u00e1vel e as temperaturas elevadas, a orienta\u00e7\u00e3o \u00e9 se manter hidratados com cuidados redobrados durante atividades ao ar livre.<\/p>\n\n\n\n<p><\/p>\n\n\n\n<p>Fonte: Climatempo \/ Imagem: Prefeitura de Jundia\u00ed <\/p>\n","protected":false},"excerpt":{"rendered":"<p>Jundia\u00ed ter\u00e1 um final de semana marcado por altas temperaturas com mudan\u00e7as bruscas no clima, segundo a previs\u00e3o do Climatempo<\/p>\n","protected":false},"author":24,"featured_media":131206,"comment_status":"closed","ping_status":"0","sticky":false,"template":"","format":"standard","meta":{"footnotes":""},"categories":[29,8356],"tags":[],"class_list":["post-131200","post","type-post","status-publish","format-standard","has-post-thumbnail","hentry","category-destaque","category-jundiai"],"_links":{"self":[{"href":"https:\/\/tvtecjundiai.com.br\/news\/wp-json\/wp\/v2\/posts\/131200","targetHints":{"allow":["GET"]}}],"collection":[{"href":"https:\/\/tvtecjundiai.com.br\/news\/wp-json\/wp\/v2\/posts"}],"about":[{"href":"https:\/\/tvtecjundiai.com.br\/news\/wp-json\/wp\/v2\/types\/post"}],"author":[{"embeddable":true,"href":"https:\/\/tvtecjundiai.com.br\/news\/wp-json\/wp\/v2\/users\/24"}],"replies":[{"embeddable":true,"href":"https:\/\/tvtecjundiai.com.br\/news\/wp-json\/wp\/v2\/comments?post=131200"}],"version-history":[{"count":2,"href":"https:\/\/tvtecjundiai.com.br\/news\/wp-json\/wp\/v2\/posts\/131200\/revisions"}],"predecessor-version":[{"id":131207,"href":"https:\/\/tvtecjundiai.com.br\/news\/wp-json\/wp\/v2\/posts\/131200\/revisions\/131207"}],"wp:featuredmedia":[{"embeddable":true,"href":"https:\/\/tvtecjundiai.com.br\/news\/wp-json\/wp\/v2\/media\/131206"}],"wp:attachment":[{"href":"https:\/\/tvtecjundiai.com.br\/news\/wp-json\/wp\/v2\/media?parent=131200"}],"wp:term":[{"taxonomy":"category","embeddable":true,"href":"https:\/\/tvtecjundiai.com.br\/news\/wp-json\/wp\/v2\/categories?post=131200"},{"taxonomy":"post_tag","embeddable":true,"href":"https:\/\/tvtecjundiai.com.br\/news\/wp-json\/wp\/v2\/tags?post=131200"}],"curies":[{"name":"wp","href":"https:\/\/api.w.org\/{rel}","templated":true}]}}