{"id":131306,"date":"2025-09-23T11:02:10","date_gmt":"2025-09-23T14:02:10","guid":{"rendered":"https:\/\/tvtecjundiai.com.br\/news\/?p=131306"},"modified":"2025-09-23T11:02:10","modified_gmt":"2025-09-23T14:02:10","slug":"saude-segue-mobilizada-para-vacinar-jovens-de-15-a-19-anos-contra-o-hpv","status":"publish","type":"post","link":"https:\/\/tvtecjundiai.com.br\/news\/2025\/09\/23\/saude-segue-mobilizada-para-vacinar-jovens-de-15-a-19-anos-contra-o-hpv\/","title":{"rendered":"Sa\u00fade segue mobilizada para vacinar jovens de 15 a 19 anos contra o HPV"},"content":{"rendered":"\n<p>Jundia\u00ed aplicou 210 doses, desde janeiro, da vacina contra HPV (Papilomav\u00edrus Humano) entre adolescentes de 15 a 19 anos, que perderam a imuniza\u00e7\u00e3o na idade recomendada (9 a 14 anos). At\u00e9 dezembro, o imunizante ser\u00e1 aplicado nesta faixa et\u00e1ria por orienta\u00e7\u00e3o do Minist\u00e9rio da Sa\u00fade.<br><br>A vacina \u00e9 uma prote\u00e7\u00e3o segura contra o v\u00edrus que pode levar a c\u00e2nceres de colo do \u00fatero, vulva, p\u00eanis, garganta e pesco\u00e7o. Na cidade, a dose est\u00e1 dispon\u00edvel em todas as Unidades B\u00e1sicas de Sa\u00fade (UBSs) e Cl\u00ednicas da Fam\u00edlia, durante a semana, no hor\u00e1rio de atendimento das salas de vacina\u00e7\u00e3o de cada servi\u00e7o.&nbsp;<strong><a href=\"https:\/\/jundiai.sp.gov.br\/saude\/rede-de-atendimento\/rede-completa-de-atendimento\/\">CONFIRA OS ENDERE\u00c7OS<\/a><\/strong><br><br>No pr\u00f3ximo s\u00e1bado (27), das 10h \u00e0s 18h, a dose tamb\u00e9m ser\u00e1 aplicada durante a a\u00e7\u00e3o de Multivacina\u00e7\u00e3o no Maxi Shopping \u2013 Espa\u00e7o Jundia\u00ed Empreendedora (Piso G3).<\/p>\n\n\n\n<figure class=\"wp-block-image\"><a class=\"fancybox image\" href=\"https:\/\/jundiai.sp.gov.br\/noticias\/wp-content\/uploads\/sites\/32\/2023\/02\/campanha-vacinacao-covid.jpg\"><img decoding=\"async\" src=\"https:\/\/jundiai.sp.gov.br\/noticias\/wp-content\/uploads\/sites\/32\/2023\/02\/campanha-vacinacao-covid.jpg\" alt=\"\" class=\"wp-image-310681\" \/><\/a><figcaption class=\"wp-element-caption\">A meta \u00e9 alcan\u00e7ar 90% do p\u00fablico-alvo<\/figcaption><\/figure>\n\n\n\n<p>\u201cEssa \u00e9 uma estrat\u00e9gia importante de resgate dos jovens. O HPV \u00e9 uma das infec\u00e7\u00f5es sexualmente transmiss\u00edveis mais comuns do mundo e tem com agravante o fato de ser uma doen\u00e7a silenciosa. \u00c9 fundamental que o jovem que n\u00e3o recebeu busque pelo imunizante. A meta \u00e9 alcan\u00e7ar 90% do p\u00fablico-alvo. At\u00e9 o momento, imunizamos somente 2,4% dos 8.680 adolescentes de 15 a 19 anos previstos\u201d, ressalta a coordenadora da Vigil\u00e2ncia Epidemiol\u00f3gica, Carolina de Azevedo.<br><br><strong>Demais p\u00fablicos<\/strong><br>A vacina contra o HPV integra o Calend\u00e1rio Nacional de Imuniza\u00e7\u00f5es de crian\u00e7as e adolescentes de 9 a 14 anos. Desde 2024, o Brasil passou a adotar a dose \u00fanica para essa popula\u00e7\u00e3o, substituindo o modelo anterior de duas aplica\u00e7\u00f5es e simplificando o acesso \u00e0 imuniza\u00e7\u00e3o. A medida segue recomenda\u00e7\u00f5es internacionais e refor\u00e7a o compromisso do Pa\u00eds de eliminar o c\u00e2ncer de colo do \u00fatero at\u00e9 2030.<br><br>Tamb\u00e9m podem receber a vacina as pessoas imunocomprometidas, como as que vivem com HIV\/Aids, pacientes oncol\u00f3gicos e transplantados. Para esse p\u00fablico, o esquema \u00e9 de tr\u00eas doses. A mesma regra tamb\u00e9m vale para usu\u00e1rios de PrEP entre 15 e 45 anos e v\u00edtimas de viol\u00eancia sexual a partir dos 15 anos.<\/p>\n\n\n\n<p><\/p>\n\n\n\n<p>Fonte \/ Imagem: Prefeitura de Jundia\u00ed<\/p>\n","protected":false},"excerpt":{"rendered":"<p>Jundia\u00ed aplicou 210 doses, desde janeiro, da vacina contra HPV (Papilomav\u00edrus Humano) entre adolescentes de 15 a 19 anos, que perderam a imuniza\u00e7\u00e3o na idade recomendada (9 a 14 anos)<\/p>\n","protected":false},"author":24,"featured_media":131307,"comment_status":"closed","ping_status":"0","sticky":false,"template":"","format":"standard","meta":{"footnotes":""},"categories":[8356,2839],"tags":[],"class_list":["post-131306","post","type-post","status-publish","format-standard","has-post-thumbnail","hentry","category-jundiai","category-saude"],"_links":{"self":[{"href":"https:\/\/tvtecjundiai.com.br\/news\/wp-json\/wp\/v2\/posts\/131306","targetHints":{"allow":["GET"]}}],"collection":[{"href":"https:\/\/tvtecjundiai.com.br\/news\/wp-json\/wp\/v2\/posts"}],"about":[{"href":"https:\/\/tvtecjundiai.com.br\/news\/wp-json\/wp\/v2\/types\/post"}],"author":[{"embeddable":true,"href":"https:\/\/tvtecjundiai.com.br\/news\/wp-json\/wp\/v2\/users\/24"}],"replies":[{"embeddable":true,"href":"https:\/\/tvtecjundiai.com.br\/news\/wp-json\/wp\/v2\/comments?post=131306"}],"version-history":[{"count":1,"href":"https:\/\/tvtecjundiai.com.br\/news\/wp-json\/wp\/v2\/posts\/131306\/revisions"}],"predecessor-version":[{"id":131308,"href":"https:\/\/tvtecjundiai.com.br\/news\/wp-json\/wp\/v2\/posts\/131306\/revisions\/131308"}],"wp:featuredmedia":[{"embeddable":true,"href":"https:\/\/tvtecjundiai.com.br\/news\/wp-json\/wp\/v2\/media\/131307"}],"wp:attachment":[{"href":"https:\/\/tvtecjundiai.com.br\/news\/wp-json\/wp\/v2\/media?parent=131306"}],"wp:term":[{"taxonomy":"category","embeddable":true,"href":"https:\/\/tvtecjundiai.com.br\/news\/wp-json\/wp\/v2\/categories?post=131306"},{"taxonomy":"post_tag","embeddable":true,"href":"https:\/\/tvtecjundiai.com.br\/news\/wp-json\/wp\/v2\/tags?post=131306"}],"curies":[{"name":"wp","href":"https:\/\/api.w.org\/{rel}","templated":true}]}}