{"id":131320,"date":"2025-09-24T09:35:07","date_gmt":"2025-09-24T12:35:07","guid":{"rendered":"https:\/\/tvtecjundiai.com.br\/news\/?p=131320"},"modified":"2025-09-24T09:35:24","modified_gmt":"2025-09-24T12:35:24","slug":"prefeitura-mobiliza-forca-tarefa-para-apoiar-familias-atingidas-pelas-chuvas","status":"publish","type":"post","link":"https:\/\/tvtecjundiai.com.br\/news\/2025\/09\/24\/prefeitura-mobiliza-forca-tarefa-para-apoiar-familias-atingidas-pelas-chuvas\/","title":{"rendered":"Prefeitura mobiliza for\u00e7a-tarefa para apoiar fam\u00edlias atingidas pelas chuvas"},"content":{"rendered":"\n<p>A Prefeitura de Jundia\u00ed mobilizou uma for\u00e7a-tarefa para prestar apoio \u00e0s fam\u00edlias atingidas pelas fortes chuvas que ca\u00edram na cidade. O trabalho envolve o Fundo Social de Solidariedade (FUNSS), a Secretaria Municipal de Assist\u00eancia e Desenvolvimento Social (SMADS) e a Secretaria Municipal de Habita\u00e7\u00e3o Social (SMHAB), que atuam de forma integrada para garantir acolhimento, doa\u00e7\u00f5es e suporte emergencial \u00e0s fam\u00edlias.<\/p>\n\n\n\n<figure class=\"wp-block-image\"><a class=\"fancybox image\" href=\"https:\/\/jundiai.sp.gov.br\/noticias\/wp-content\/uploads\/sites\/32\/2025\/09\/doacao_agasalhos_junho-2-1280x853.jpg\"><img decoding=\"async\" src=\"https:\/\/jundiai.sp.gov.br\/noticias\/wp-content\/uploads\/sites\/32\/2025\/09\/doacao_agasalhos_junho-2-1280x853.jpg\" alt=\"\" class=\"wp-image-365642\" \/><\/a><figcaption class=\"wp-element-caption\">Fam\u00edlias atingidas pelas chuvas recebem acolhimento e apoio da Prefeitura de Jundia\u00ed<\/figcaption><\/figure>\n\n\n\n<p>Em menos de 24 horas, o munic\u00edpio registrou 100 mil\u00edmetros de precipita\u00e7\u00e3o, volume que provocou quedas de \u00e1rvores, destelhamentos, pontos de alagamento e falta de energia em alguns bairros.<\/p>\n\n\n\n<p>A presidente do FUNSS, Ellen Camila Martinelli, destacou que a mobiliza\u00e7\u00e3o foi imediata para atender as fam\u00edlias em situa\u00e7\u00e3o de vulnerabilidade: \u201cEstamos ajudando com alimentos, leite, fraldas, colch\u00f5es, roupas e roupas de cama. O Fundo Social est\u00e1 de portas abertas para acolher e apoiar todos que foram afetados pelas chuvas\u201d, afirmou.<\/p>\n\n\n\n<p>A Secretaria Municipal de Assist\u00eancia e Desenvolvimento Social (SMADS), que tem \u00e0 frente a secret\u00e1ria Luciane Mosca, descentralizou equipes em diferentes regi\u00f5es da cidade desde o in\u00edcio das ocorr\u00eancia: \u201cNossas equipes est\u00e3o atuando com kits de limpeza, atendimentos sociais, benef\u00edcios eventuais e tamb\u00e9m na organiza\u00e7\u00e3o dessas fam\u00edlias em espa\u00e7os familiares para que possam estar abrigadas enquanto h\u00e1 risco nos im\u00f3veis ou nas \u00e1reas em que vivem\u201d, explicou.<\/p>\n\n\n\n<p>Entre os bairros atendidos pela SMADS est\u00e3o Ivoturucaia, Sorocabana, Meias A\u00e7o, Varj\u00e3o, Novo Horizonte e a \u00e1rea central, com um total de 18 n\u00facleos familiares j\u00e1 assistidos. O monitoramento seguir\u00e1 ao longo dos pr\u00f3ximos dias.<\/p>\n\n\n\n<p>J\u00e1 a Secretaria Municipal de Habita\u00e7\u00e3o Social (SMHAB), sob a gest\u00e3o do secret\u00e1rio Jeferson Coimbra, esteve presente em regi\u00f5es mais atingidas, como Fepasa e Novo Horizonte: \u201cVisitamos casas que foram destelhadas para oferecer suporte imediato \u00e0s fam\u00edlias. Esse trabalho ser\u00e1 mantido ao longo da semana para garantir que ningu\u00e9m fique desamparado\u201d, refor\u00e7ou o secret\u00e1rio.<\/p>\n\n\n\n<p><strong>Fonte: Prefeitura de Jundia\u00ed<\/strong><br><strong>Fotos: Divulga\u00e7\u00e3o PMJ<\/strong><\/p>\n","protected":false},"excerpt":{"rendered":"<p>Foram atendidos Ivoturucaia, Sorocabana, Meias A\u00e7o, Varj\u00e3o, Novo Horizonte e a \u00e1rea central, com um total de 18 n\u00facleos familiares j\u00e1 assistidos<\/p>\n","protected":false},"author":24,"featured_media":131321,"comment_status":"closed","ping_status":"0","sticky":false,"template":"","format":"standard","meta":{"footnotes":""},"categories":[8392,8407,29,8414,8409,8356],"tags":[],"class_list":["post-131320","post","type-post","status-publish","format-standard","has-post-thumbnail","hentry","category-assistencia-social","category-defesa-civil","category-destaque","category-fundo-social-de-solidariedade","category-funss","category-jundiai"],"_links":{"self":[{"href":"https:\/\/tvtecjundiai.com.br\/news\/wp-json\/wp\/v2\/posts\/131320","targetHints":{"allow":["GET"]}}],"collection":[{"href":"https:\/\/tvtecjundiai.com.br\/news\/wp-json\/wp\/v2\/posts"}],"about":[{"href":"https:\/\/tvtecjundiai.com.br\/news\/wp-json\/wp\/v2\/types\/post"}],"author":[{"embeddable":true,"href":"https:\/\/tvtecjundiai.com.br\/news\/wp-json\/wp\/v2\/users\/24"}],"replies":[{"embeddable":true,"href":"https:\/\/tvtecjundiai.com.br\/news\/wp-json\/wp\/v2\/comments?post=131320"}],"version-history":[{"count":1,"href":"https:\/\/tvtecjundiai.com.br\/news\/wp-json\/wp\/v2\/posts\/131320\/revisions"}],"predecessor-version":[{"id":131323,"href":"https:\/\/tvtecjundiai.com.br\/news\/wp-json\/wp\/v2\/posts\/131320\/revisions\/131323"}],"wp:featuredmedia":[{"embeddable":true,"href":"https:\/\/tvtecjundiai.com.br\/news\/wp-json\/wp\/v2\/media\/131321"}],"wp:attachment":[{"href":"https:\/\/tvtecjundiai.com.br\/news\/wp-json\/wp\/v2\/media?parent=131320"}],"wp:term":[{"taxonomy":"category","embeddable":true,"href":"https:\/\/tvtecjundiai.com.br\/news\/wp-json\/wp\/v2\/categories?post=131320"},{"taxonomy":"post_tag","embeddable":true,"href":"https:\/\/tvtecjundiai.com.br\/news\/wp-json\/wp\/v2\/tags?post=131320"}],"curies":[{"name":"wp","href":"https:\/\/api.w.org\/{rel}","templated":true}]}}