{"id":131326,"date":"2025-09-24T10:34:16","date_gmt":"2025-09-24T13:34:16","guid":{"rendered":"https:\/\/tvtecjundiai.com.br\/news\/?p=131326"},"modified":"2025-09-24T10:34:16","modified_gmt":"2025-09-24T13:34:16","slug":"emprega-oferece-novas-oportunidades-em-jundiai","status":"publish","type":"post","link":"https:\/\/tvtecjundiai.com.br\/news\/2025\/09\/24\/emprega-oferece-novas-oportunidades-em-jundiai\/","title":{"rendered":"Emprega+ oferece novas oportunidades em Jundia\u00ed"},"content":{"rendered":"\n<p>A Prefeitura de Jundia\u00ed, por meio do programa Desenvolve Mais, promove nos dias 29 e 30 de setembro e 2 de outubro, o Emprega+, no Espa\u00e7o Jundia\u00ed Empreendedora. A iniciativa re\u00fane processos seletivos de grandes empresas da regi\u00e3o e oferece mais de 300 vagas em diferentes \u00e1reas, com variadas faixas salariais e benef\u00edcios.<\/p>\n\n\n\n<p>De acordo com Cida Gibrail, diretora de Com\u00e9rcio e Servi\u00e7os, a a\u00e7\u00e3o refor\u00e7a o papel do espa\u00e7o como elo entre empresas e candidatos. \u201cO Espa\u00e7o Jundia\u00ed Empreendedora \u00e9 um suporte fundamental para as empresas que precisam de novos funcion\u00e1rios. Criamos um ambiente em que os empregadores encontrem profissionais qualificados e, ao mesmo tempo, os candidatos tenham a chance de acessar grandes oportunidades de trabalho\u201d, destacou.<\/p>\n\n\n\n<p>Al\u00e9m desses processos seletivos presenciais, o portal do Espa\u00e7o Jundia\u00ed Empreendedora disponibiliza atualmente mais de 1600 oportunidades.&nbsp;<strong><a href=\"https:\/\/web21.cijun.sp.gov.br\/PMJ\/EMPREGA\/Vaga\" target=\"_blank\" rel=\"noreferrer noopener\">CLIQUE AQUI PARA CONFERIR TODAS AS VAGAS.<\/a><\/strong><\/p>\n\n\n\n<figure class=\"wp-block-image\"><a class=\"fancybox image\" href=\"https:\/\/jundiai.sp.gov.br\/noticias\/wp-content\/uploads\/sites\/32\/2023\/04\/jundiai-empreendedora-carteia-de-trabalho_fm_-42-1280x853-1.jpg\"><img decoding=\"async\" src=\"https:\/\/jundiai.sp.gov.br\/noticias\/wp-content\/uploads\/sites\/32\/2023\/04\/jundiai-empreendedora-carteia-de-trabalho_fm_-42-1280x853-1.jpg\" alt=\"Jundia\u00ed Empreendedora\" class=\"wp-image-316181\" \/><\/a><\/figure>\n\n\n\n<p><strong>CONFIRA A PROGRAMA\u00c7\u00c3O<\/strong><\/p>\n\n\n\n<p><strong>Dia 29\/09 \u2013 das 09h \u00e0s 14h<\/strong><br>Processo Seletivo \u2013 DHL \u2013 Auxiliar Log\u00edstico<br>Remunera\u00e7\u00e3o at\u00e9 R$ 2.058,36<br>Pr\u00e9-requisitos: m\u00ednimo 18 anos, ensino fundamental completo e disponibilidade para turnos.<br>Benef\u00edcios: refei\u00e7\u00e3o no local, fretado, PPR, Wellhub, seguro de vida, cart\u00e3o Bulla, clube de descontos, plano m\u00e9dico e odontol\u00f3gico.<\/p>\n\n\n\n<p><strong>Dia 30\/09 \u2013 das 09h \u00e0s 15h<\/strong><br>Processo seletivo \u2013 Mercado Monte Serrat (nova loja no Caxambu)<br>Mais de 250 vagas para diversas fun\u00e7\u00f5es: a\u00e7ougueiro, padeiro, confeiteiro, balconista, repositor, estoquista, conferente, auditor de preven\u00e7\u00e3o de perdas, operador(a) de caixa, auxiliar de cozinha, jovem aprendiz e estagi\u00e1rio de ensino m\u00e9dio.<\/p>\n\n\n\n<p>Benef\u00edcios: conv\u00eanio m\u00e9dico, vale-transporte, seguro de vida, descontos em cursos na Faculdade Anhanguera, assiduidade (R$ 100 em vale-compras), vale-refei\u00e7\u00e3o (R$ 22\/dia), vale-alimenta\u00e7\u00e3o (R$ 140) e fretado.<\/p>\n\n\n\n<p><strong>Dia 30\/09 \u2013 das 10h \u00e0s 14h<\/strong><br>Processo seletivo Klabin \u2013&nbsp;<strong><em>Vagas PCD<\/em><\/strong><br>Entre 5 e 10 vagas exclusivas para candidatos PCD na fun\u00e7\u00e3o de Auxiliar de Produ\u00e7\u00e3o.<br>Importante: levar curr\u00edculo atualizado e laudo m\u00e9dico.<\/p>\n\n\n\n<p><strong>Dia 01\/10 \u2013 das 9h \u00e0s 13h<\/strong><br>Processo seletivo Elicon<\/p>\n\n\n\n<p><strong>Dia 02\/10 \u2013 das 9h \u00e0s 12h<\/strong><br>Processo seletivo \u2013 Grupo Base<br>Ajudante de p\u00e1tio, motorista operador de betoneira, operador de m\u00e1quina e assistente de log\u00edstica.<\/p>\n\n\n\n<p><\/p>\n\n\n\n<p>Fonte \/ Imagem: Prefeitura de Jundia\u00ed <\/p>\n","protected":false},"excerpt":{"rendered":"<p>A Prefeitura de Jundia\u00ed, por meio do programa Desenvolve Mais, promove nos dias 29 e 30 de setembro e 2 de outubro, o Emprega+, no Espa\u00e7o Jundia\u00ed Empreendedora<\/p>\n","protected":false},"author":24,"featured_media":131327,"comment_status":"open","ping_status":"0","sticky":false,"template":"","format":"standard","meta":{"footnotes":""},"categories":[29,8363,8356],"tags":[],"class_list":["post-131326","post","type-post","status-publish","format-standard","has-post-thumbnail","hentry","category-destaque","category-emprego-2","category-jundiai"],"_links":{"self":[{"href":"https:\/\/tvtecjundiai.com.br\/news\/wp-json\/wp\/v2\/posts\/131326","targetHints":{"allow":["GET"]}}],"collection":[{"href":"https:\/\/tvtecjundiai.com.br\/news\/wp-json\/wp\/v2\/posts"}],"about":[{"href":"https:\/\/tvtecjundiai.com.br\/news\/wp-json\/wp\/v2\/types\/post"}],"author":[{"embeddable":true,"href":"https:\/\/tvtecjundiai.com.br\/news\/wp-json\/wp\/v2\/users\/24"}],"replies":[{"embeddable":true,"href":"https:\/\/tvtecjundiai.com.br\/news\/wp-json\/wp\/v2\/comments?post=131326"}],"version-history":[{"count":1,"href":"https:\/\/tvtecjundiai.com.br\/news\/wp-json\/wp\/v2\/posts\/131326\/revisions"}],"predecessor-version":[{"id":131334,"href":"https:\/\/tvtecjundiai.com.br\/news\/wp-json\/wp\/v2\/posts\/131326\/revisions\/131334"}],"wp:featuredmedia":[{"embeddable":true,"href":"https:\/\/tvtecjundiai.com.br\/news\/wp-json\/wp\/v2\/media\/131327"}],"wp:attachment":[{"href":"https:\/\/tvtecjundiai.com.br\/news\/wp-json\/wp\/v2\/media?parent=131326"}],"wp:term":[{"taxonomy":"category","embeddable":true,"href":"https:\/\/tvtecjundiai.com.br\/news\/wp-json\/wp\/v2\/categories?post=131326"},{"taxonomy":"post_tag","embeddable":true,"href":"https:\/\/tvtecjundiai.com.br\/news\/wp-json\/wp\/v2\/tags?post=131326"}],"curies":[{"name":"wp","href":"https:\/\/api.w.org\/{rel}","templated":true}]}}