{"id":13143,"date":"2018-07-03T07:34:05","date_gmt":"2018-07-03T10:34:05","guid":{"rendered":"https:\/\/tvtecjundiai.com.br\/news\/?p=13143"},"modified":"2018-07-03T07:34:05","modified_gmt":"2018-07-03T10:34:05","slug":"atletas-apresentam-trofeus-dos-jogos-da-juventude","status":"publish","type":"post","link":"https:\/\/tvtecjundiai.com.br\/news\/2018\/07\/03\/atletas-apresentam-trofeus-dos-jogos-da-juventude\/","title":{"rendered":"Atletas apresentam trof\u00e9us dos Jogos da Juventude"},"content":{"rendered":"<div id=\"attachment_13144\" style=\"width: 442px\" class=\"wp-caption alignleft\"><a href=\"https:\/\/tvtecjundiai.com.br\/news\/wp-content\/uploads\/sites\/2\/2018\/07\/jogos_da_juventude.jpg\"><img loading=\"lazy\" decoding=\"async\" aria-describedby=\"caption-attachment-13144\" class=\"wp-image-13144\" src=\"https:\/\/tvtecjundiai.com.br\/news\/wp-content\/uploads\/sites\/2\/2018\/07\/jogos_da_juventude-300x131.jpg\" alt=\"\" width=\"432\" height=\"189\" srcset=\"https:\/\/tvtecjundiai.com.br\/news\/wp-content\/uploads\/sites\/2\/2018\/07\/jogos_da_juventude-300x131.jpg 300w, https:\/\/tvtecjundiai.com.br\/news\/wp-content\/uploads\/sites\/2\/2018\/07\/jogos_da_juventude-768x335.jpg 768w, https:\/\/tvtecjundiai.com.br\/news\/wp-content\/uploads\/sites\/2\/2018\/07\/jogos_da_juventude-1200x524.jpg 1200w, https:\/\/tvtecjundiai.com.br\/news\/wp-content\/uploads\/sites\/2\/2018\/07\/jogos_da_juventude.jpg 1233w\" sizes=\"auto, (max-width: 432px) 100vw, 432px\" \/><\/a><p id=\"caption-attachment-13144\" class=\"wp-caption-text\">O encontro teve a presen\u00e7a do gestor de Esporte, Luiz Trientini, e do vereador Paulo S\u00e9rgio Martins<\/p><\/div>\n<p>Os trof\u00e9us conquistados por atletas de Jundia\u00ed durante os 35\u00ba Jogos da Juventude, realizados de 24 de maio a 02 de julho na cidade de Franca, foram apresentados para o prefeito Luiz Fernando Machado, nesta segunda-feira (02), na Prefeitura.<\/p>\n<p>\u201c\u00c9 a dedica\u00e7\u00e3o de voc\u00eas, atletas e treinadores, que consolida Jundia\u00ed como refer\u00eancia no esporte em diversas modalidades\u201d, disse o prefeito \u201cNosso empenho \u00e9 para fortalecer cada vez mais o esporte na cidade, porque sabemos da sua import\u00e2ncia como aliado na forma\u00e7\u00e3o de crian\u00e7as e adolescentes\u201d, afirmou.<\/p>\n<p>Ainda nesta ter\u00e7a, a assinatura de conv\u00eanio entre a Prefeitura com o Governo do Estado confirmou Jundia\u00ed como sede dos 1\u00ba Jogos Infantis do Estado, que ser\u00e3o realizados no m\u00eas de outubro, com a participa\u00e7\u00e3o de 117 cidades.<\/p>\n<p><strong>Medalhas<\/strong><\/p>\n<p>Nos Jogos da Juventude, Jundia\u00ed terminou a competi\u00e7\u00e3o com 29 medalhas conquistadas. O Basquete Masculino ficou com a terceira coloca\u00e7\u00e3o. No V\u00f4lei de Praia tanto feminino quanto masculino, as equipes foram campe\u00e3s. A Gin\u00e1stica R\u00edtmica tamb\u00e9m contou com \u00f3timas coloca\u00e7\u00f5es na competi\u00e7\u00e3o. O Handebol Feminino se sagrou campe\u00e3o. A Gin\u00e1stica Art\u00edstica conquistou o t\u00edtulo por equipes, al\u00e9m nos p\u00f3dios individuais.<\/p>\n<p><em>(Fonte: Prefeitura de Jundia\u00ed)<\/em><\/p>\n","protected":false},"excerpt":{"rendered":"<p>As competi\u00e7\u00f5es foram realizadas entre os meses de maio e julho <\/p>\n","protected":false},"author":11,"featured_media":13144,"comment_status":"closed","ping_status":"closed","sticky":false,"template":"","format":"standard","meta":{"footnotes":""},"categories":[2834,2827,1],"tags":[866,2112,271,3539,556,1318],"class_list":["post-13143","post","type-post","status-publish","format-standard","has-post-thumbnail","hentry","category-cidades","category-esportes-e-lazer","category-noticias","tag-atletas","tag-cidades","tag-esportes","tag-jogos-da-juventude","tag-noticias","tag-ugel"],"_links":{"self":[{"href":"https:\/\/tvtecjundiai.com.br\/news\/wp-json\/wp\/v2\/posts\/13143","targetHints":{"allow":["GET"]}}],"collection":[{"href":"https:\/\/tvtecjundiai.com.br\/news\/wp-json\/wp\/v2\/posts"}],"about":[{"href":"https:\/\/tvtecjundiai.com.br\/news\/wp-json\/wp\/v2\/types\/post"}],"author":[{"embeddable":true,"href":"https:\/\/tvtecjundiai.com.br\/news\/wp-json\/wp\/v2\/users\/11"}],"replies":[{"embeddable":true,"href":"https:\/\/tvtecjundiai.com.br\/news\/wp-json\/wp\/v2\/comments?post=13143"}],"version-history":[{"count":1,"href":"https:\/\/tvtecjundiai.com.br\/news\/wp-json\/wp\/v2\/posts\/13143\/revisions"}],"predecessor-version":[{"id":13145,"href":"https:\/\/tvtecjundiai.com.br\/news\/wp-json\/wp\/v2\/posts\/13143\/revisions\/13145"}],"wp:featuredmedia":[{"embeddable":true,"href":"https:\/\/tvtecjundiai.com.br\/news\/wp-json\/wp\/v2\/media\/13144"}],"wp:attachment":[{"href":"https:\/\/tvtecjundiai.com.br\/news\/wp-json\/wp\/v2\/media?parent=13143"}],"wp:term":[{"taxonomy":"category","embeddable":true,"href":"https:\/\/tvtecjundiai.com.br\/news\/wp-json\/wp\/v2\/categories?post=13143"},{"taxonomy":"post_tag","embeddable":true,"href":"https:\/\/tvtecjundiai.com.br\/news\/wp-json\/wp\/v2\/tags?post=13143"}],"curies":[{"name":"wp","href":"https:\/\/api.w.org\/{rel}","templated":true}]}}