{"id":13159,"date":"2018-07-03T09:07:07","date_gmt":"2018-07-03T12:07:07","guid":{"rendered":"https:\/\/tvtecjundiai.com.br\/news\/?p=13159"},"modified":"2018-07-03T09:09:58","modified_gmt":"2018-07-03T12:09:58","slug":"pat-divulga-vagas-disponiveis-em-jundiai-e-regiao-03","status":"publish","type":"post","link":"https:\/\/tvtecjundiai.com.br\/news\/2018\/07\/03\/pat-divulga-vagas-disponiveis-em-jundiai-e-regiao-03\/","title":{"rendered":"PAT divulga vagas dispon\u00edveis em Jundia\u00ed e regi\u00e3o (03)"},"content":{"rendered":"<div id=\"pagina-2\" class=\"pagina\">\n<div id=\"pat\">\n<p>Confira as vagas dispon\u00edveis:<\/p>\n<ul>\n<li><strong>Atendente de Lojas e Mercados<\/strong>\u00a0(liberado em 03\/07\/2018) \u2013 4 meses de experi\u00eancia em CTPS; ensino fundamental completo; com experi\u00eancia na \u00e1rea chapeiro e fritadeira; somente candidatos de Jundia\u00ed e V\u00e1rzea Paulista.<\/li>\n<li><strong>Coordenador de Vendas<\/strong>\u00a0(liberado em 03\/07\/2018) \u2013 6 meses de experi\u00eancia n\u00e3o em CTPS; ensino m\u00e9dio completo; somente candidatos de Jundia\u00ed e V\u00e1rzea Paulista.<\/li>\n<li><strong>Gerente Administrativo de Lanchonete<\/strong>\u00a0(liberado em 03\/07\/2018) \u2013 6 meses de experi\u00eancia em CTPS; ensino m\u00e9dio completo; somente candidatos de Jundia\u00ed e V\u00e1rzea Paulista.<\/li>\n<li><strong>Porteiro<\/strong>\u00a0(liberado em 03\/07\/2018) \u2013 6 meses de experi\u00eancia em CTPS; ensino fundamental completo; com CNH &#8220;A&#8221;; somente candidatos de Jundia\u00ed.<\/li>\n<li><strong>Serralheiro<\/strong>\u00a0(liberado em 03\/07\/2018) \u2013 6 meses de experi\u00eancia em CTPS; ensino fundamental completo; somente candidatos de Jundia\u00ed, Itupeva, Cabre\u00fava e V\u00e1rzea Paulista.<\/li>\n<li><strong>T\u00e9cnico em Eletromec\u00e2nica<\/strong>\u00a0(liberado em 27\/06\/2018) \u2013 6 meses de experi\u00eancia em CTPS; ensino m\u00e9dio completo; somente candidatos de Jundia\u00ed.<\/li>\n<li><strong>Vaga exclusiva PCD (Pessoas com Defici\u00eancia)<\/strong>\u00a0(liberado em 20\/06\/2018) \u2013 Auxiliar de Log\u00edstica &#8211; 6 meses de experi\u00eancia em CTPS; ensino fundamental completo; necess\u00e1rio laudo m\u00e9dico; somente candidatos de Jundia\u00ed.<\/li>\n<\/ul>\n<p>Os interessados devem comparecer \u00e0 rua Zacarias de Goes, 530 \u2013 Centro. O atendimento do PAT Jundia\u00ed \u00e9 feito de segunda a sexta-feira, das 8h \u00e0s 16h30. \u00c9 necess\u00e1rio levar RG, CPF, carteira de trabalho, PIS ou cart\u00e3o do cidad\u00e3o.<\/p>\n<p>\u00daltima atualiza\u00e7\u00e3o em\u00a0<strong>03\/07\/2018 07:53<\/strong><\/p>\n<\/div>\n<\/div>\n<div id=\"sidebar\" class=\"no-print\"><\/div>\n","protected":false},"excerpt":{"rendered":"<p>Pode haver altera\u00e7\u00e3o no quadro de disponibilidade durante a semana<\/p>\n","protected":false},"author":10,"featured_media":12945,"comment_status":"closed","ping_status":"closed","sticky":false,"template":"","format":"standard","meta":{"footnotes":""},"categories":[2834,29,2829],"tags":[286,37,5,39,15],"class_list":["post-13159","post","type-post","status-publish","format-standard","has-post-thumbnail","hentry","category-cidades","category-destaque","category-economia","tag-carteira-de-trabalho","tag-emprego","tag-jundiai","tag-pat","tag-tvtec"],"_links":{"self":[{"href":"https:\/\/tvtecjundiai.com.br\/news\/wp-json\/wp\/v2\/posts\/13159","targetHints":{"allow":["GET"]}}],"collection":[{"href":"https:\/\/tvtecjundiai.com.br\/news\/wp-json\/wp\/v2\/posts"}],"about":[{"href":"https:\/\/tvtecjundiai.com.br\/news\/wp-json\/wp\/v2\/types\/post"}],"author":[{"embeddable":true,"href":"https:\/\/tvtecjundiai.com.br\/news\/wp-json\/wp\/v2\/users\/10"}],"replies":[{"embeddable":true,"href":"https:\/\/tvtecjundiai.com.br\/news\/wp-json\/wp\/v2\/comments?post=13159"}],"version-history":[{"count":3,"href":"https:\/\/tvtecjundiai.com.br\/news\/wp-json\/wp\/v2\/posts\/13159\/revisions"}],"predecessor-version":[{"id":13162,"href":"https:\/\/tvtecjundiai.com.br\/news\/wp-json\/wp\/v2\/posts\/13159\/revisions\/13162"}],"wp:featuredmedia":[{"embeddable":true,"href":"https:\/\/tvtecjundiai.com.br\/news\/wp-json\/wp\/v2\/media\/12945"}],"wp:attachment":[{"href":"https:\/\/tvtecjundiai.com.br\/news\/wp-json\/wp\/v2\/media?parent=13159"}],"wp:term":[{"taxonomy":"category","embeddable":true,"href":"https:\/\/tvtecjundiai.com.br\/news\/wp-json\/wp\/v2\/categories?post=13159"},{"taxonomy":"post_tag","embeddable":true,"href":"https:\/\/tvtecjundiai.com.br\/news\/wp-json\/wp\/v2\/tags?post=13159"}],"curies":[{"name":"wp","href":"https:\/\/api.w.org\/{rel}","templated":true}]}}