{"id":13195,"date":"2018-07-03T15:30:57","date_gmt":"2018-07-03T18:30:57","guid":{"rendered":"https:\/\/tvtecjundiai.com.br\/news\/?p=13195"},"modified":"2018-07-03T15:30:57","modified_gmt":"2018-07-03T18:30:57","slug":"instituto-federal-de-sp-oferece-curso-de-tecnico-em-comercio","status":"publish","type":"post","link":"https:\/\/tvtecjundiai.com.br\/news\/2018\/07\/03\/instituto-federal-de-sp-oferece-curso-de-tecnico-em-comercio\/","title":{"rendered":"Instituto Federal de SP oferece curso de T\u00e9cnico em Com\u00e9rcio"},"content":{"rendered":"<div>\n<p>O Instituto Federal de S\u00e3o Paulo (IFSP) divulga o Processo Seletivo Simplificado para o 2.\u00ba semestre de 2018, para o curso T\u00e9cnico em Com\u00e9rcio. A sele\u00e7\u00e3o consiste na classifica\u00e7\u00e3o de candidatos para matr\u00edcula no curso T\u00e9cnico em Com\u00e9rcio. O Campus Avan\u00e7ado do IFSP\u00a0 Jundia\u00ed oferta 35 vagas no per\u00edodo noturno. A dura\u00e7\u00e3o do curso \u00e9 de 18 meses, 3 (tr\u00eas) semestres, e in\u00edcio das aulas ser\u00e1 em\u00a030 de julho de 2018. Os candidatos interessados dever\u00e3o comparecer ao C\u00e2mpus , na\u00a0Avenida Dr. Cavalcanti, 396 \u2013\u00a0 2\u00ba Andar\u00a0do Complexo Argos \u2013 Vila Arens, nesta ter\u00e7a-feira (3),e nos dias 4 e 5 de julho, das 15h30 \u00e0s 20h30.<\/p>\n<\/div>\n<p>Mais informa\u00e7\u00f5es:\u00a0<a href=\"https:\/\/jnd.ifsp.edu.br\/index.php\/component\/content\/article\/17-ultimas-noticias\/174-processo-seletivo-simplificado-para-o-2-semestre-de-2018-curso-tecnico-em-comercio\" target=\"_blank\" rel=\"noopener\" data-saferedirecturl=\"https:\/\/www.google.com\/url?hl=pt-BR&amp;q=https:\/\/jnd.ifsp.edu.br\/index.php\/component\/content\/article\/17-ultimas-noticias\/174-processo-seletivo-simplificado-para-o-2-semestre-de-2018-curso-tecnico-em-comercio&amp;source=gmail&amp;ust=1530728350517000&amp;usg=AFQjCNEhrG-LYKv67Mz7FzYCb_Ec2Phv4w\">https:\/\/jnd.ifsp.edu.br\/index.<wbr \/>php\/component\/content\/article\/<wbr \/>17-ultimas-noticias\/174-proces<wbr \/>so-seletivo-simplificado-para-<wbr \/>o-2-semestre-de-2018-curso-tec<wbr \/>nico-em-comercio<\/a><\/p>\n<p>&nbsp;<\/p>\n","protected":false},"excerpt":{"rendered":"<p>S\u00e3o 35 vagas e a dura\u00e7\u00e3o do curso \u00e9 de 18 meses, in\u00edcio das aulas ser\u00e1 em\u00a030\/7<\/p>\n","protected":false},"author":8,"featured_media":13196,"comment_status":"closed","ping_status":"closed","sticky":false,"template":"","format":"standard","meta":{"footnotes":""},"categories":[2832,1],"tags":[],"class_list":["post-13195","post","type-post","status-publish","format-standard","has-post-thumbnail","hentry","category-cursos","category-noticias"],"_links":{"self":[{"href":"https:\/\/tvtecjundiai.com.br\/news\/wp-json\/wp\/v2\/posts\/13195","targetHints":{"allow":["GET"]}}],"collection":[{"href":"https:\/\/tvtecjundiai.com.br\/news\/wp-json\/wp\/v2\/posts"}],"about":[{"href":"https:\/\/tvtecjundiai.com.br\/news\/wp-json\/wp\/v2\/types\/post"}],"author":[{"embeddable":true,"href":"https:\/\/tvtecjundiai.com.br\/news\/wp-json\/wp\/v2\/users\/8"}],"replies":[{"embeddable":true,"href":"https:\/\/tvtecjundiai.com.br\/news\/wp-json\/wp\/v2\/comments?post=13195"}],"version-history":[{"count":1,"href":"https:\/\/tvtecjundiai.com.br\/news\/wp-json\/wp\/v2\/posts\/13195\/revisions"}],"predecessor-version":[{"id":13197,"href":"https:\/\/tvtecjundiai.com.br\/news\/wp-json\/wp\/v2\/posts\/13195\/revisions\/13197"}],"wp:featuredmedia":[{"embeddable":true,"href":"https:\/\/tvtecjundiai.com.br\/news\/wp-json\/wp\/v2\/media\/13196"}],"wp:attachment":[{"href":"https:\/\/tvtecjundiai.com.br\/news\/wp-json\/wp\/v2\/media?parent=13195"}],"wp:term":[{"taxonomy":"category","embeddable":true,"href":"https:\/\/tvtecjundiai.com.br\/news\/wp-json\/wp\/v2\/categories?post=13195"},{"taxonomy":"post_tag","embeddable":true,"href":"https:\/\/tvtecjundiai.com.br\/news\/wp-json\/wp\/v2\/tags?post=13195"}],"curies":[{"name":"wp","href":"https:\/\/api.w.org\/{rel}","templated":true}]}}