{"id":13251,"date":"2018-07-04T13:54:24","date_gmt":"2018-07-04T16:54:24","guid":{"rendered":"https:\/\/tvtecjundiai.com.br\/news\/?p=13251"},"modified":"2018-07-04T13:54:43","modified_gmt":"2018-07-04T16:54:43","slug":"orquestra-faz-segunda-apresentacao-da-temporada-neste-sabado-07","status":"publish","type":"post","link":"https:\/\/tvtecjundiai.com.br\/news\/2018\/07\/04\/orquestra-faz-segunda-apresentacao-da-temporada-neste-sabado-07\/","title":{"rendered":"Orquestra faz segunda apresenta\u00e7\u00e3o da temporada neste s\u00e1bado (07)"},"content":{"rendered":"<div id=\"attachment_13252\" style=\"width: 460px\" class=\"wp-caption alignleft\"><a href=\"https:\/\/tvtecjundiai.com.br\/news\/wp-content\/uploads\/sites\/2\/2018\/07\/fabiocuryg.jpg\"><img loading=\"lazy\" decoding=\"async\" aria-describedby=\"caption-attachment-13252\" class=\"wp-image-13252\" src=\"https:\/\/tvtecjundiai.com.br\/news\/wp-content\/uploads\/sites\/2\/2018\/07\/fabiocuryg-300x300.jpg\" alt=\"\" width=\"450\" height=\"450\" srcset=\"https:\/\/tvtecjundiai.com.br\/news\/wp-content\/uploads\/sites\/2\/2018\/07\/fabiocuryg-300x300.jpg 300w, https:\/\/tvtecjundiai.com.br\/news\/wp-content\/uploads\/sites\/2\/2018\/07\/fabiocuryg-100x100.jpg 100w, https:\/\/tvtecjundiai.com.br\/news\/wp-content\/uploads\/sites\/2\/2018\/07\/fabiocuryg-768x768.jpg 768w, https:\/\/tvtecjundiai.com.br\/news\/wp-content\/uploads\/sites\/2\/2018\/07\/fabiocuryg-960x960.jpg 960w, https:\/\/tvtecjundiai.com.br\/news\/wp-content\/uploads\/sites\/2\/2018\/07\/fabiocuryg.jpg 1240w\" sizes=\"auto, (max-width: 450px) 100vw, 450px\" \/><\/a><p id=\"caption-attachment-13252\" class=\"wp-caption-text\">O fagotista F\u00e1bio Cury ser\u00e1 o solista do concerto deste s\u00e1bado (07)<\/p><\/div>\n<p>A Orquestra Municipal de Jundia\u00ed (OMJ) realiza neste s\u00e1bado (07), \u00e0s 20h, o segundo concerto da temporada 2018. O espet\u00e1culo gratuito no Teatro Polytheama contar\u00e1 com a participa\u00e7\u00e3o da regente titular da OMJ, Cl\u00e1udia Feres, al\u00e9m da harpista Rafaela Lopes e como solista o m\u00fasico F\u00e1bio Cury, um dos mais premiados fagotistas brasileiros.<\/p>\n<p>No programa da noite, a OMJ apresenta a \u201cSerenata para Cordas\u201d e \u201cRomance para fagote\u201d do compositor ingl\u00eas Edward Elgar, este \u00faltimo ao lado de Cury. Partindo para a m\u00fasica brasileira, o programa traz duas pe\u00e7as de Francisco Mignone: \u201cLenda Sertaneja\u201d e \u201cCongada\u201d. Em seguida, F\u00e1bio Cury volta ao palco e interpreta, juntamente com a harpista Rafaela Lopes, o \u201cConcerto para Fagote, harpa e cordas\u201d de Andr\u00e9 Mehmari, um dos compositores brasileiros mais atuantes no Brasil e exterior. O encerramento do programa ser\u00e1 com \u201cToada e Desafio\u201d, obra de Louren\u00e7o da Fonseca Barbosa, o Capiba, compositor do movimento Armorial.<\/p>\n<p>Os ingressos gratuitos podem ser retirados na bilheteria do teatro, que fica na rua Bar\u00e3o de Jundia\u00ed, 176, Centro, neste s\u00e1bado (07), das 14h at\u00e9 o hor\u00e1rio do espet\u00e1culo. Cada adulto na fila pode retirar at\u00e9 dois ingressos. Mais informa\u00e7\u00f5es podem ser obtidas nos telefones (11) 4586-2472 e 4522-0770, com atendimento esta semana at\u00e9 esta quinta-feira (05), das 8h \u00e0s 17h.<\/p>\n<p>Como parte do programa, F\u00e1bio Cury realizar\u00e1 nesta sexta-feira (06), das 9h \u00e0s 12h, um masterclass para estudantes de m\u00fasica sobre repert\u00f3rio e panorama do instrumento fagote na Pinacoteca Di\u00f3genes Duarte Paes, que fica na rua Bar\u00e3o de Jundia\u00ed, 109, Centro.<\/p>\n<p>Os interessados devem se inscrever at\u00e9 esta quinta-feira (05), \u00e0s 16h, pelo e-mail smarcelo@jundiai.sp.gov.br, e enviar\u00a0<a href=\"http:\/\/cultura.jundiai.sp.gov.br\/wp-content\/uploads\/2018\/06\/Ficha-de-Inscric%CC%A7a%CC%83o-Masterclass-Fabio-Cury.docx\" target=\"_blank\" rel=\"noopener\"><strong>ficha de inscri\u00e7\u00e3o<\/strong><\/a>\u00a0preenchida e breve curr\u00edculo.<\/p>\n<p>A programa\u00e7\u00e3o de espet\u00e1culos do Teatro e a agenda cultural completa est\u00e3o dispon\u00edveis no Aplicativo Jundia\u00ed, ferramenta que pode ser baixada em qualquer smartphone\u00a0<a href=\"https:\/\/play.google.com\/store\/apps\/details?id=br.gov.sp.cijun.appjun\" target=\"_blank\" rel=\"noopener\">Android<\/a>\u00a0ou\u00a0<a href=\"https:\/\/itunes.apple.com\/br\/app\/prefeitura-de-jundiai\/id1211377720\" target=\"_blank\" rel=\"noopener\">iPhone<\/a>.<\/p>\n<p><em>(Fonte: Prefeitura de Jundia\u00ed)<\/em><\/p>\n","protected":false},"excerpt":{"rendered":"<p>Os ingressos gratuitos podem ser retirados na bilheteria do Teatro Polytheama<\/p>\n","protected":false},"author":10,"featured_media":3837,"comment_status":"closed","ping_status":"closed","sticky":false,"template":"","format":"standard","meta":{"footnotes":""},"categories":[2834,2833,1],"tags":[3561,5,306,10,15],"class_list":["post-13251","post","type-post","status-publish","format-standard","has-post-thumbnail","hentry","category-cidades","category-cultura","category-noticias","tag-agenda-cultural","tag-jundiai","tag-orquestra-municipal-de-jundiai","tag-teatro-polytheama","tag-tvtec"],"_links":{"self":[{"href":"https:\/\/tvtecjundiai.com.br\/news\/wp-json\/wp\/v2\/posts\/13251","targetHints":{"allow":["GET"]}}],"collection":[{"href":"https:\/\/tvtecjundiai.com.br\/news\/wp-json\/wp\/v2\/posts"}],"about":[{"href":"https:\/\/tvtecjundiai.com.br\/news\/wp-json\/wp\/v2\/types\/post"}],"author":[{"embeddable":true,"href":"https:\/\/tvtecjundiai.com.br\/news\/wp-json\/wp\/v2\/users\/10"}],"replies":[{"embeddable":true,"href":"https:\/\/tvtecjundiai.com.br\/news\/wp-json\/wp\/v2\/comments?post=13251"}],"version-history":[{"count":2,"href":"https:\/\/tvtecjundiai.com.br\/news\/wp-json\/wp\/v2\/posts\/13251\/revisions"}],"predecessor-version":[{"id":13254,"href":"https:\/\/tvtecjundiai.com.br\/news\/wp-json\/wp\/v2\/posts\/13251\/revisions\/13254"}],"wp:featuredmedia":[{"embeddable":true,"href":"https:\/\/tvtecjundiai.com.br\/news\/wp-json\/wp\/v2\/media\/3837"}],"wp:attachment":[{"href":"https:\/\/tvtecjundiai.com.br\/news\/wp-json\/wp\/v2\/media?parent=13251"}],"wp:term":[{"taxonomy":"category","embeddable":true,"href":"https:\/\/tvtecjundiai.com.br\/news\/wp-json\/wp\/v2\/categories?post=13251"},{"taxonomy":"post_tag","embeddable":true,"href":"https:\/\/tvtecjundiai.com.br\/news\/wp-json\/wp\/v2\/tags?post=13251"}],"curies":[{"name":"wp","href":"https:\/\/api.w.org\/{rel}","templated":true}]}}