{"id":13260,"date":"2018-07-04T17:28:19","date_gmt":"2018-07-04T20:28:19","guid":{"rendered":"https:\/\/tvtecjundiai.com.br\/news\/?p=13260"},"modified":"2018-07-04T17:29:05","modified_gmt":"2018-07-04T20:29:05","slug":"ccr-autoban-espera-690-mil-veiculos-no-feriado-da-segunda-feira-09","status":"publish","type":"post","link":"https:\/\/tvtecjundiai.com.br\/news\/2018\/07\/04\/ccr-autoban-espera-690-mil-veiculos-no-feriado-da-segunda-feira-09\/","title":{"rendered":"CCR AutoBAn espera 690 mil ve\u00edculos no feriado da segunda-feira (09)"},"content":{"rendered":"<div id=\"attachment_11405\" style=\"width: 460px\" class=\"wp-caption alignright\"><a href=\"https:\/\/tvtecjundiai.com.br\/news\/wp-content\/uploads\/sites\/2\/2018\/05\/bandeirantes_anhanguera-e1527697922732.jpg\"><img loading=\"lazy\" decoding=\"async\" aria-describedby=\"caption-attachment-11405\" class=\"wp-image-11405\" src=\"https:\/\/tvtecjundiai.com.br\/news\/wp-content\/uploads\/sites\/2\/2018\/05\/bandeirantes_anhanguera-e1527697922732-300x220.jpg\" alt=\"\" width=\"450\" height=\"330\" srcset=\"https:\/\/tvtecjundiai.com.br\/news\/wp-content\/uploads\/sites\/2\/2018\/05\/bandeirantes_anhanguera-e1527697922732-300x220.jpg 300w, https:\/\/tvtecjundiai.com.br\/news\/wp-content\/uploads\/sites\/2\/2018\/05\/bandeirantes_anhanguera-e1527697922732-768x562.jpg 768w, https:\/\/tvtecjundiai.com.br\/news\/wp-content\/uploads\/sites\/2\/2018\/05\/bandeirantes_anhanguera-e1527697922732-1200x879.jpg 1200w, https:\/\/tvtecjundiai.com.br\/news\/wp-content\/uploads\/sites\/2\/2018\/05\/bandeirantes_anhanguera-e1527697922732.jpg 1468w\" sizes=\"auto, (max-width: 450px) 100vw, 450px\" \/><\/a><p id=\"caption-attachment-11405\" class=\"wp-caption-text\">A CCR AutoBAn promove a distribui\u00e7\u00e3o de folhetos com orienta\u00e7\u00f5es sobre a import\u00e2ncia da dire\u00e7\u00e3o segura<\/p><\/div>\n<p style=\"font-weight: 400;\">No feriado da Revolu\u00e7\u00e3o Constitucionalista, que ser\u00e1 na segunda-feira (09), a CCR AutoBAn espera a circula\u00e7\u00e3o de aproximadamente 690 mil ve\u00edculos no Sistema Anhanguera-Bandeirantes, entre sa\u00edda e chegada \u00e0 Capital, no per\u00edodo de quatro dias: de sexta-feira (6) a segunda-feira (9).<\/p>\n<p style=\"font-weight: 400;\">Os hor\u00e1rios de maior movimento no Sistema Anhanguera-Bandeirantes est\u00e3o previstos para <strong>sexta-feira (06), das\u00a011h \u00e0s 14h e das 18 \u00e0s 21h; s\u00e1bado (07) das 9h \u00e0s 14h; e segunda-feira (09) das 15h \u00e0s 22h<\/strong><em>.<\/em><\/p>\n<p style=\"font-weight: 400;\">A CCR AutoBan, concession\u00e1ria que administra o Sistema Anhanguera-Bandeirantes,\u00a0realiza\u00a0a partir desta quarta-feira (04),\u00a0a Campanha F\u00e9rias Seguras, com a distribui\u00e7\u00e3o de folhetos com orienta\u00e7\u00f5es sobre a import\u00e2ncia da dire\u00e7\u00e3o segura e da ado\u00e7\u00e3o de alguns procedimentos simples para evitar imprevistos que possam atrapalhar a viagem durante o per\u00edodo de f\u00e9rias, como a manuten\u00e7\u00e3o preventiva dos ve\u00edculos.<\/p>\n<p style=\"font-weight: 400;\">Outra campanha promovida pela concession\u00e1ria, a Campanha SOS Usu\u00e1rio, lembra aos motoristas dos servi\u00e7os que a CCR AutoBAn oferece, como socorro mec\u00e2nico 24 horas e Atendimento Pr\u00e9-Hospitalar. O atendimento \u00e9 realizado 24 horas por dia a partir de qualquer aparelho \u2013 m\u00f3vel ou fixo \u2013 e tamb\u00e9m de um dos 544 telefones de emerg\u00eancia instalados nas rodovias.<\/p>\n<p>Quem pretende pegar estrada para viajar deve tomar alguns cuidados com o ve\u00edculo. \u00c9 importante, por exemplo, sempre fazer revis\u00e3o no autom\u00f3vel antes de sair de casa, lembrar-se de usar o cinto de seguran\u00e7a\/capacete, respeitar os limites de velocidade e prestar aten\u00e7\u00e3o \u00e0 estrada.<\/p>\n<p style=\"font-weight: 400;\"><em>(Fonte: Assessoria de Imprensa CCR AutoBAn)<\/em><\/p>\n","protected":false},"excerpt":{"rendered":"<p>Motoristas devem revisar o ve\u00edculo e respeitar as leis de tr\u00e2nsito ao viajar<\/p>\n","protected":false},"author":10,"featured_media":12083,"comment_status":"closed","ping_status":"closed","sticky":false,"template":"","format":"standard","meta":{"footnotes":""},"categories":[2834,29,1],"tags":[1903,166,169,5,15],"class_list":["post-13260","post","type-post","status-publish","format-standard","has-post-thumbnail","hentry","category-cidades","category-destaque","category-noticias","tag-brasil","tag-ccr-autoban","tag-feriado","tag-jundiai","tag-tvtec"],"_links":{"self":[{"href":"https:\/\/tvtecjundiai.com.br\/news\/wp-json\/wp\/v2\/posts\/13260","targetHints":{"allow":["GET"]}}],"collection":[{"href":"https:\/\/tvtecjundiai.com.br\/news\/wp-json\/wp\/v2\/posts"}],"about":[{"href":"https:\/\/tvtecjundiai.com.br\/news\/wp-json\/wp\/v2\/types\/post"}],"author":[{"embeddable":true,"href":"https:\/\/tvtecjundiai.com.br\/news\/wp-json\/wp\/v2\/users\/10"}],"replies":[{"embeddable":true,"href":"https:\/\/tvtecjundiai.com.br\/news\/wp-json\/wp\/v2\/comments?post=13260"}],"version-history":[{"count":3,"href":"https:\/\/tvtecjundiai.com.br\/news\/wp-json\/wp\/v2\/posts\/13260\/revisions"}],"predecessor-version":[{"id":13263,"href":"https:\/\/tvtecjundiai.com.br\/news\/wp-json\/wp\/v2\/posts\/13260\/revisions\/13263"}],"wp:featuredmedia":[{"embeddable":true,"href":"https:\/\/tvtecjundiai.com.br\/news\/wp-json\/wp\/v2\/media\/12083"}],"wp:attachment":[{"href":"https:\/\/tvtecjundiai.com.br\/news\/wp-json\/wp\/v2\/media?parent=13260"}],"wp:term":[{"taxonomy":"category","embeddable":true,"href":"https:\/\/tvtecjundiai.com.br\/news\/wp-json\/wp\/v2\/categories?post=13260"},{"taxonomy":"post_tag","embeddable":true,"href":"https:\/\/tvtecjundiai.com.br\/news\/wp-json\/wp\/v2\/tags?post=13260"}],"curies":[{"name":"wp","href":"https:\/\/api.w.org\/{rel}","templated":true}]}}