{"id":132872,"date":"2025-12-02T08:57:41","date_gmt":"2025-12-02T11:57:41","guid":{"rendered":"https:\/\/tvtecjundiai.com.br\/news\/?p=132872"},"modified":"2025-12-02T08:57:41","modified_gmt":"2025-12-02T11:57:41","slug":"xo-dengue-equipes-iniciam-nova-mobilizacao-em-7-bairros-a-partir-desta-terca-2","status":"publish","type":"post","link":"https:\/\/tvtecjundiai.com.br\/news\/2025\/12\/02\/xo-dengue-equipes-iniciam-nova-mobilizacao-em-7-bairros-a-partir-desta-terca-2\/","title":{"rendered":"\u2018X\u00f4 Dengue\u2019: equipes iniciam nova mobiliza\u00e7\u00e3o em 7 bairros a partir desta ter\u00e7a (2)"},"content":{"rendered":"\n<p>A partir desta ter\u00e7a (2), a Prefeitura de Jundia\u00ed refor\u00e7a a luta contra o Aedes aegypti com mais uma a\u00e7\u00e3o da campanha \u201cX\u00f4 Dengue\u201d. Durante dois dias \u2014 ter\u00e7a (2) e quarta-feira (3) \u2014 equipes da Vigil\u00e2ncia em Sa\u00fade Ambiental (VISAM), com o apoio dos soldados do 12\u00ba Grupo de Artilharia Antia\u00e9rea (12\u00ba GAAAe), v\u00e3o percorrer sete bairros da cidade. Entre 8h30 e 11h30, mais de 1,5 mil im\u00f3veis nos bairros Alvorada, Centro, Hortol\u00e2ndia, Jardim do Lago, Novo Horizonte, Tamoio e Tulipas receber\u00e3o orienta\u00e7\u00f5es e visitas preventivas.<\/p>\n\n\n\n<figure class=\"wp-block-image\"><img decoding=\"async\" src=\"https:\/\/jundiai.sp.gov.br\/noticias\/wp-content\/uploads\/sites\/32\/2025\/12\/acao_contra_dengue_exercito_visam_v-24-1-1280x854.jpg\" alt=\"\" class=\"wp-image-370432\" \/><\/figure>\n\n\n\n<p><\/p>\n\n\n\n<p>De acordo com o coordenador da VISAM, o m\u00e9dico-veterin\u00e1rio Luis Gustavo Grijota Nascimento, o roteiro foi definido a partir do mapeamento das \u00e1reas com maior relev\u00e2ncia epidemiol\u00f3gica. \u201cEstamos em um per\u00edodo de muito calor e umidade, condi\u00e7\u00f5es ideais para o surgimento de criadouros. A ida das equipes at\u00e9 as casas \u00e9 fundamental para orientar de perto e estimular a participa\u00e7\u00e3o de todos\u201d, explica.<\/p>\n\n\n\n<p>A mobiliza\u00e7\u00e3o chega em um momento crucial: o Aedes aegypti, al\u00e9m da dengue, transmite chikungunya, Zika e febre amarela urbana. O mosquito se prolifera facilmente em qualquer objeto que acumule \u00e1gua \u2014 de garrafas e pneus a calhas e caixas d\u2019\u00e1gua destampadas. Mesmo vivendo cerca de 45 dias, uma \u00fanica f\u00eamea pode colocar at\u00e9 450 ovos e, dentro de uma casa, picar at\u00e9 cinco pessoas durante seu per\u00edodo alimentar.<\/p>\n\n\n\n<p>Segundo o boletim de arboviroses atualizado em 29 de novembro, Jundia\u00ed soma 7.676 casos confirmados de dengue, dos quais tr\u00eas evolu\u00edram para \u00f3bito. H\u00e1 ainda dois casos importados de chikungunya e nenhum registro de Zika no munic\u00edpio.<\/p>\n\n\n\n<p><\/p>\n\n\n\n<p>Fonte \/ Imagem: Prefeitura de Jundia\u00ed<\/p>\n","protected":false},"excerpt":{"rendered":"<p>Durante dois dias \u2014 ter\u00e7a (2) e quarta-feira (3) \u2014 equipes da Vigil\u00e2ncia em Sa\u00fade Ambiental (VISAM), com o apoio dos soldados do 12\u00ba Grupo de Artilharia Antia\u00e9rea (12\u00ba GAAAe), v\u00e3o percorrer sete bairros da cidade<\/p>\n","protected":false},"author":24,"featured_media":132873,"comment_status":"closed","ping_status":"0","sticky":false,"template":"","format":"standard","meta":{"footnotes":""},"categories":[29,8356],"tags":[],"class_list":["post-132872","post","type-post","status-publish","format-standard","has-post-thumbnail","hentry","category-destaque","category-jundiai"],"_links":{"self":[{"href":"https:\/\/tvtecjundiai.com.br\/news\/wp-json\/wp\/v2\/posts\/132872","targetHints":{"allow":["GET"]}}],"collection":[{"href":"https:\/\/tvtecjundiai.com.br\/news\/wp-json\/wp\/v2\/posts"}],"about":[{"href":"https:\/\/tvtecjundiai.com.br\/news\/wp-json\/wp\/v2\/types\/post"}],"author":[{"embeddable":true,"href":"https:\/\/tvtecjundiai.com.br\/news\/wp-json\/wp\/v2\/users\/24"}],"replies":[{"embeddable":true,"href":"https:\/\/tvtecjundiai.com.br\/news\/wp-json\/wp\/v2\/comments?post=132872"}],"version-history":[{"count":1,"href":"https:\/\/tvtecjundiai.com.br\/news\/wp-json\/wp\/v2\/posts\/132872\/revisions"}],"predecessor-version":[{"id":132874,"href":"https:\/\/tvtecjundiai.com.br\/news\/wp-json\/wp\/v2\/posts\/132872\/revisions\/132874"}],"wp:featuredmedia":[{"embeddable":true,"href":"https:\/\/tvtecjundiai.com.br\/news\/wp-json\/wp\/v2\/media\/132873"}],"wp:attachment":[{"href":"https:\/\/tvtecjundiai.com.br\/news\/wp-json\/wp\/v2\/media?parent=132872"}],"wp:term":[{"taxonomy":"category","embeddable":true,"href":"https:\/\/tvtecjundiai.com.br\/news\/wp-json\/wp\/v2\/categories?post=132872"},{"taxonomy":"post_tag","embeddable":true,"href":"https:\/\/tvtecjundiai.com.br\/news\/wp-json\/wp\/v2\/tags?post=132872"}],"curies":[{"name":"wp","href":"https:\/\/api.w.org\/{rel}","templated":true}]}}