{"id":132875,"date":"2025-12-02T09:24:05","date_gmt":"2025-12-02T12:24:05","guid":{"rendered":"https:\/\/tvtecjundiai.com.br\/news\/?p=132875"},"modified":"2025-12-02T09:24:05","modified_gmt":"2025-12-02T12:24:05","slug":"cdl-jundiai-preve-alta-movimentacao-no-comercio-neste-natal","status":"publish","type":"post","link":"https:\/\/tvtecjundiai.com.br\/news\/2025\/12\/02\/cdl-jundiai-preve-alta-movimentacao-no-comercio-neste-natal\/","title":{"rendered":"CDL Jundia\u00ed prev\u00ea alta movimenta\u00e7\u00e3o no com\u00e9rcio neste Natal"},"content":{"rendered":"\n<p>O Natal segue como a data mais relevante para o varejo brasileiro e deve movimentar R$ 84,9 bilh\u00f5es em 2025, segundo a Pesquisa de Inten\u00e7\u00e3o de Compras da CNDL e do SPC Brasil, realizada em parceria com a Offerwise. O estudo mostra que 76% dos consumidores pretendem comprar presentes neste ano, o que deve levar 124,3 milh\u00f5es de pessoas \u00e0s lojas.<\/p>\n\n\n\n<figure class=\"wp-block-image size-full\"><img loading=\"lazy\" decoding=\"async\" width=\"1080\" height=\"675\" src=\"https:\/\/tvtecjundiai.com.br\/news\/wp-content\/uploads\/sites\/2\/2025\/12\/Comercio-geral2025-2-1080x675-2.jpeg\" alt=\"\" class=\"wp-image-132877\" srcset=\"https:\/\/tvtecjundiai.com.br\/news\/wp-content\/uploads\/sites\/2\/2025\/12\/Comercio-geral2025-2-1080x675-2.jpeg 1080w, https:\/\/tvtecjundiai.com.br\/news\/wp-content\/uploads\/sites\/2\/2025\/12\/Comercio-geral2025-2-1080x675-2-300x188.jpeg 300w, https:\/\/tvtecjundiai.com.br\/news\/wp-content\/uploads\/sites\/2\/2025\/12\/Comercio-geral2025-2-1080x675-2-768x480.jpeg 768w\" sizes=\"auto, (max-width: 1080px) 100vw, 1080px\" \/><\/figure>\n\n\n\n<p><\/p>\n\n\n\n<p>Entre os presenteados mais comuns est\u00e3o os filhos (58%), seguidos por m\u00e3es (46%), c\u00f4njuges (40%), pais (23%) e irm\u00e3os (23%). O valor mais alto dos presentes ser\u00e1 destinado aos filhos (28%). Em m\u00e9dia, o consumidor deve adquirir 4 presentes, n\u00famero que sobe para 5 entre as classes A\/B. O ticket m\u00e9dio previsto \u00e9 de R$ 174, aumento de R$ 37 em rela\u00e7\u00e3o a 2023. Roupas, cosm\u00e9ticos, cal\u00e7ados e brinquedos lideram as escolhas.<\/p>\n\n\n\n<p>O estudo tamb\u00e9m mostra que 43% dos consumidores j\u00e1 substitu\u00edram ou pretendem substituir presentes materiais por experi\u00eancias, como viagens, jantares ou passeios. Sobre volume de compras, 38% comprar\u00e3o a mesma quantidade que em 2024, enquanto 31% pretendem comprar mais.<\/p>\n\n\n\n<p>J\u00e1 em rela\u00e7\u00e3o aos gastos, 41% afirmam que gastar\u00e3o mais neste Natal seja para comprar um presente melhor (36%), porque os pre\u00e7os aumentaram (34%) ou porque conseguiram economizar durante o ano (18%). Entre aqueles que gastar\u00e3o menos, os principais motivos s\u00e3o a inten\u00e7\u00e3o de economizar (30%) e a situa\u00e7\u00e3o financeira apertada (25%).<\/p>\n\n\n\n<p><strong>Prefer\u00eancia por lojas f\u00edsicas se mant\u00e9m, e sites internacionais ganham for\u00e7a<\/strong><\/p>\n\n\n\n<p>As lojas f\u00edsicas continuam como principal local de compra: 75% dos consumidores pretendem adquirir presentes presencialmente, principalmente em lojas de departamento (36%) e shopping centers (31%).<\/p>\n\n\n\n<p>J\u00e1 online, 58% comprar\u00e3o ao menos um presente pela internet o equivalente a 94,2 milh\u00f5es de pessoas. Os sites de lojas internacionais (64%) ultrapassaram os sites nacionais (42%) na prefer\u00eancia do consumidor. Apps de compra ser\u00e3o usados por 71%, e redes sociais, como o Instagram, por 23%.<\/p>\n\n\n\n<p>A pesquisa revela tamb\u00e9m que o consumidor est\u00e1 cada vez mais atento: 82% far\u00e3o pesquisa de pre\u00e7os antes de comprar. A internet ser\u00e1 o principal meio (87%), com grande uso de buscadores, apps e sites internacionais.<\/p>\n\n\n\n<p><strong>Formas de pagamento e cr\u00e9dito<\/strong><\/p>\n\n\n\n<p>O PIX ser\u00e1 o meio de pagamento mais utilizado (54%), seguido pelo cart\u00e3o de cr\u00e9dito parcelado (39%). Entre os consumidores que v\u00e3o parcelar, o n\u00famero m\u00e9dio ser\u00e1 de 4,8 parcelas, com pagamentos que podem se estender at\u00e9 abril ou maio de 2026.<\/p>\n\n\n\n<p>Para 79% dos entrevistados, o cr\u00e9dito influencia muito ou um pouco na decis\u00e3o de compra de Natal e 39% afirmam que comprariam bem menos presentes sem ele.<\/p>\n\n\n\n<p><strong>Expectativa positiva em Jundia\u00ed<\/strong><\/p>\n\n\n\n<p>A CDL Jundia\u00ed destaca que o Natal \u00e9 tradicionalmente o per\u00edodo mais movimentado do ano para os lojistas da cidade. A combina\u00e7\u00e3o entre o 13\u00ba sal\u00e1rio, a forte inten\u00e7\u00e3o de compra e o aumento no fluxo de consumidores cria um ambiente favor\u00e1vel para vendas significativas.<\/p>\n\n\n\n<p>A expectativa \u00e9 de um Natal aquecido, com resultados expressivos para estabelecimentos de pequeno, m\u00e9dio e grande porte.<\/p>\n\n\n\n<p><\/p>\n\n\n\n<p>Fonte \/ Imagem: Assessoria de Imprensa CDL <\/p>\n","protected":false},"excerpt":{"rendered":"<p>Pesquisa da CNDL\/SPC Brasil aponta aumento na inten\u00e7\u00e3o de compras e refor\u00e7a import\u00e2ncia da data para o com\u00e9rcio<\/p>\n","protected":false},"author":24,"featured_media":132876,"comment_status":"closed","ping_status":"0","sticky":false,"template":"","format":"standard","meta":{"footnotes":""},"categories":[8426,29,8356],"tags":[],"class_list":["post-132875","post","type-post","status-publish","format-standard","has-post-thumbnail","hentry","category-comercio","category-destaque","category-jundiai"],"_links":{"self":[{"href":"https:\/\/tvtecjundiai.com.br\/news\/wp-json\/wp\/v2\/posts\/132875","targetHints":{"allow":["GET"]}}],"collection":[{"href":"https:\/\/tvtecjundiai.com.br\/news\/wp-json\/wp\/v2\/posts"}],"about":[{"href":"https:\/\/tvtecjundiai.com.br\/news\/wp-json\/wp\/v2\/types\/post"}],"author":[{"embeddable":true,"href":"https:\/\/tvtecjundiai.com.br\/news\/wp-json\/wp\/v2\/users\/24"}],"replies":[{"embeddable":true,"href":"https:\/\/tvtecjundiai.com.br\/news\/wp-json\/wp\/v2\/comments?post=132875"}],"version-history":[{"count":1,"href":"https:\/\/tvtecjundiai.com.br\/news\/wp-json\/wp\/v2\/posts\/132875\/revisions"}],"predecessor-version":[{"id":132879,"href":"https:\/\/tvtecjundiai.com.br\/news\/wp-json\/wp\/v2\/posts\/132875\/revisions\/132879"}],"wp:featuredmedia":[{"embeddable":true,"href":"https:\/\/tvtecjundiai.com.br\/news\/wp-json\/wp\/v2\/media\/132876"}],"wp:attachment":[{"href":"https:\/\/tvtecjundiai.com.br\/news\/wp-json\/wp\/v2\/media?parent=132875"}],"wp:term":[{"taxonomy":"category","embeddable":true,"href":"https:\/\/tvtecjundiai.com.br\/news\/wp-json\/wp\/v2\/categories?post=132875"},{"taxonomy":"post_tag","embeddable":true,"href":"https:\/\/tvtecjundiai.com.br\/news\/wp-json\/wp\/v2\/tags?post=132875"}],"curies":[{"name":"wp","href":"https:\/\/api.w.org\/{rel}","templated":true}]}}