{"id":132906,"date":"2025-12-04T09:09:19","date_gmt":"2025-12-04T12:09:19","guid":{"rendered":"https:\/\/tvtecjundiai.com.br\/news\/?p=132906"},"modified":"2025-12-04T10:41:53","modified_gmt":"2025-12-04T13:41:53","slug":"dae-revitaliza-muro-da-estacao-de-tratamento-do-anhangabau-eta-a-com-arte-de-grafite","status":"publish","type":"post","link":"https:\/\/tvtecjundiai.com.br\/news\/2025\/12\/04\/dae-revitaliza-muro-da-estacao-de-tratamento-do-anhangabau-eta-a-com-arte-de-grafite\/","title":{"rendered":"DAE revitaliza muro da Esta\u00e7\u00e3o de Tratamento do Anhangaba\u00fa (ETA-A) com arte de grafite"},"content":{"rendered":"\n<p>A DAE Jundia\u00ed concluiu a revitaliza\u00e7\u00e3o do muro da Esta\u00e7\u00e3o de Tratamento de \u00c1gua do Anhangaba\u00fa (ETA-A), transformando o espa\u00e7o em uma galeria de arte a c\u00e9u aberto. A iniciativa surgiu da necessidade de renovar a pintura do local e ganhou um novo prop\u00f3sito, valorizar o espa\u00e7o p\u00fablico por meio da express\u00e3o art\u00edstica.<\/p>\n\n\n\n<figure class=\"wp-block-image\"><a class=\"fancybox image\" href=\"https:\/\/daejundiai.com.br\/wp-content\/uploads\/2025\/12\/4G9A6229-840x560.jpg\"><img decoding=\"async\" src=\"https:\/\/daejundiai.com.br\/wp-content\/uploads\/2025\/12\/4G9A6229-840x560.jpg\" alt=\"\" class=\"wp-image-38821\" \/><\/a><\/figure>\n\n\n\n<p>O projeto contou com a participa\u00e7\u00e3o de nove artistas, que tiveram liberdade para criar nos mais de 150 metros de muro com suas obras. Assinam o trabalho Michele Crivelari Andrez (M\u00ear Andrez), Leandro Agustinho dos Santos (Imortal), M\u00e1rcio Ant\u00f4nio Pereira da Silva (Insane), Gustavo Arruda (Acne), Vitor Fernandes (Vitor), Andr\u00e9 Fernandes de Oliveira (Estranho), Guilherme Fernandes de Oliveira (Guilherme Asthma), Raimundo Alex Bento Neto (Pince) e Dario Ribeiro de Melo (Dario Gordon).<\/p>\n\n\n\n<p>Cada artista imprimiu seu estilo e identidade visual, resultando em um conjunto harm\u00f4nico que integra todas as obras. O grafite apresenta duas tem\u00e1ticas principais: uma parte do muro retrata o fundo do mar, com cores e elementos aqu\u00e1ticos, a outra, a Mata Atl\u00e2ntica, em uma representa\u00e7\u00e3o vibrante da natureza.<\/p>\n\n\n\n<figure class=\"wp-block-image\"><a class=\"fancybox image\" href=\"https:\/\/daejundiai.com.br\/wp-content\/uploads\/2025\/12\/4G9A6219-840x560.jpg\"><img decoding=\"async\" src=\"https:\/\/daejundiai.com.br\/wp-content\/uploads\/2025\/12\/4G9A6219-840x560.jpg\" alt=\"\" class=\"wp-image-38822\" \/><\/a><\/figure>\n\n\n\n<p>Para Michele, uma das artistas envolvidas, o projeto simboliza a for\u00e7a coletiva da arte urbana. \u201cEsse grafite \u00e9 uma celebra\u00e7\u00e3o da nossa cria\u00e7\u00e3o e da nossa trajet\u00f3ria. Esse muro \u00e9 o maior que realizamos em 20 anos de linha art\u00edstica\u201d, declarou.<\/p>\n\n\n\n<p>\u201cMais do que uma revitaliza\u00e7\u00e3o, esse projeto representa a integra\u00e7\u00e3o entre arte e a sustentabilidade das estruturas prediais que comp\u00f5em a DAE. Queremos que esses espa\u00e7os reflitam tamb\u00e9m a beleza e a criatividade de Jundia\u00ed, aproximando a popula\u00e7\u00e3o e transformando o ambiente urbano\u201d, destaca o diretor-presidente da DAE, Luiz Roberto Del Gelmo.<\/p>\n\n\n\n<ul class=\"wp-block-list\">\n<li><strong>Mat\u00e9ria TVTEC<\/strong><\/li>\n<\/ul>\n\n\n\n<p>A TVTEC Jundia\u00ed acompanhou o processo e realizou uma mat\u00e9ria com personagens que ajudaram o muro \u00e0 se tornar realidade:<\/p>\n\n\n\n<figure class=\"wp-block-embed is-type-video is-provider-youtube wp-block-embed-youtube wp-embed-aspect-16-9 wp-has-aspect-ratio\"><div class=\"wp-block-embed__wrapper\">\n<iframe loading=\"lazy\" title=\"GRAFITEIROS COLOREM O MURO DA DAE EM JUNDIA\u00cd | TVTEC JUNDIA\u00cd\" width=\"500\" height=\"281\" src=\"https:\/\/www.youtube.com\/embed\/2yfFN3q2BA8?feature=oembed\" frameborder=\"0\" allow=\"accelerometer; autoplay; clipboard-write; encrypted-media; gyroscope; picture-in-picture; web-share\" referrerpolicy=\"strict-origin-when-cross-origin\" allowfullscreen><\/iframe>\n<\/div><\/figure>\n\n\n\n<p>Fonte e Imagens: Assessoria de Comunica\u00e7\u00e3o da DAE Jundia\u00ed<\/p>\n","protected":false},"excerpt":{"rendered":"<p>O grafite apresenta duas tem\u00e1ticas principais: o fundo do mar e a Mata Atl\u00e2ntica<\/p>\n","protected":false},"author":24,"featured_media":132907,"comment_status":"closed","ping_status":"0","sticky":false,"template":"","format":"standard","meta":{"footnotes":""},"categories":[8405,8406,29,8356],"tags":[],"class_list":["post-132906","post","type-post","status-publish","format-standard","has-post-thumbnail","hentry","category-dae","category-dae-dae","category-destaque","category-jundiai"],"_links":{"self":[{"href":"https:\/\/tvtecjundiai.com.br\/news\/wp-json\/wp\/v2\/posts\/132906","targetHints":{"allow":["GET"]}}],"collection":[{"href":"https:\/\/tvtecjundiai.com.br\/news\/wp-json\/wp\/v2\/posts"}],"about":[{"href":"https:\/\/tvtecjundiai.com.br\/news\/wp-json\/wp\/v2\/types\/post"}],"author":[{"embeddable":true,"href":"https:\/\/tvtecjundiai.com.br\/news\/wp-json\/wp\/v2\/users\/24"}],"replies":[{"embeddable":true,"href":"https:\/\/tvtecjundiai.com.br\/news\/wp-json\/wp\/v2\/comments?post=132906"}],"version-history":[{"count":3,"href":"https:\/\/tvtecjundiai.com.br\/news\/wp-json\/wp\/v2\/posts\/132906\/revisions"}],"predecessor-version":[{"id":132922,"href":"https:\/\/tvtecjundiai.com.br\/news\/wp-json\/wp\/v2\/posts\/132906\/revisions\/132922"}],"wp:featuredmedia":[{"embeddable":true,"href":"https:\/\/tvtecjundiai.com.br\/news\/wp-json\/wp\/v2\/media\/132907"}],"wp:attachment":[{"href":"https:\/\/tvtecjundiai.com.br\/news\/wp-json\/wp\/v2\/media?parent=132906"}],"wp:term":[{"taxonomy":"category","embeddable":true,"href":"https:\/\/tvtecjundiai.com.br\/news\/wp-json\/wp\/v2\/categories?post=132906"},{"taxonomy":"post_tag","embeddable":true,"href":"https:\/\/tvtecjundiai.com.br\/news\/wp-json\/wp\/v2\/tags?post=132906"}],"curies":[{"name":"wp","href":"https:\/\/api.w.org\/{rel}","templated":true}]}}