{"id":132918,"date":"2025-12-04T10:15:48","date_gmt":"2025-12-04T13:15:48","guid":{"rendered":"https:\/\/tvtecjundiai.com.br\/news\/?p=132918"},"modified":"2025-12-04T10:15:48","modified_gmt":"2025-12-04T13:15:48","slug":"cultura-abre-inscricoes-para-artistas-interessados-em-participar-da-41a-festa-da-uva-de-jundiai","status":"publish","type":"post","link":"https:\/\/tvtecjundiai.com.br\/news\/2025\/12\/04\/cultura-abre-inscricoes-para-artistas-interessados-em-participar-da-41a-festa-da-uva-de-jundiai\/","title":{"rendered":"Cultura abre inscri\u00e7\u00f5es para artistas interessados em participar da 41\u00aa Festa da Uva de Jundia\u00ed"},"content":{"rendered":"\n<p>A Prefeitura de Jundia\u00ed, por meio da Secretaria Municipal de Cultura (SMCULT), est\u00e1 com vagas abertas para Inscri\u00e7\u00f5es de Interesse Art\u00edstico para artistas que desejam integrar a programa\u00e7\u00e3o da 41\u00aa Festa da Uva, que ser\u00e1 realizada em 2026. O formul\u00e1rio ficar\u00e1 dispon\u00edvel at\u00e9 15 de dezembro, e contempla bandas, DJs, companhias de dan\u00e7a, atores, coletivos e interven\u00e7\u00f5es art\u00edsticas.<br><br>A inscri\u00e7\u00e3o n\u00e3o garante contrata\u00e7\u00e3o, servindo apenas como manifesta\u00e7\u00e3o de interesse para avalia\u00e7\u00e3o t\u00e9cnica da equipe da Cultura.<\/p>\n\n\n\n<figure class=\"wp-block-image\"><a class=\"fancybox image\" href=\"https:\/\/jundiai.sp.gov.br\/noticias\/wp-content\/uploads\/sites\/32\/2025\/12\/15-02_40_festa_da_uva_11_expo_vinhos_jundiai_2025_n_v-156-1280x854.jpg\"><img decoding=\"async\" src=\"https:\/\/jundiai.sp.gov.br\/noticias\/wp-content\/uploads\/sites\/32\/2025\/12\/15-02_40_festa_da_uva_11_expo_vinhos_jundiai_2025_n_v-156-1280x854.jpg\" alt=\"\" class=\"wp-image-370583\" \/><\/a><\/figure>\n\n\n\n<p><\/p>\n\n\n\n<p><strong>Requisitos para Participa\u00e7\u00e3o<\/strong><br>Para que as propostas sejam analisadas, os interessados devem atender aos crit\u00e9rios abaixo:<br>Estar cadastrados no Cadastro de Artistas de Jundia\u00ed;<br>\u2022 Possuir ou ser representados por Pessoa Jur\u00eddica (CNPJ) ativa para fins de contrata\u00e7\u00e3o;<br>\u2022 Apresentar todas as Certid\u00f5es Negativas exigidas, v\u00e1lidas e sem pend\u00eancias;<br>\u2022 Enviar portf\u00f3lio ou material art\u00edstico atualizado (exceto os Colonos).<\/p>\n\n\n\n<p><strong>Crit\u00e9rios de Sele\u00e7\u00e3o<\/strong><br>A avalia\u00e7\u00e3o das propostas ser\u00e1 realizada pela SMCULT, com base em:<br>\u2022 Regularidade documental;<br>\u2022 Qualidade e pertin\u00eancia do material art\u00edstico enviado;<br>\u2022 Disponibilidade de agenda para as datas do evento;<br>\u2022 Prioridade Regional, favorecendo artistas de Jundia\u00ed e da Regi\u00e3o Metropolitana de Jundia\u00ed.<\/p>\n\n\n\n<p><strong>Como participar<\/strong><br>Os artistas devem preencher o&nbsp;<a href=\"https:\/\/forms.gle\/qGupgAUL4xyJosCD6\">formul\u00e1rio de inscri\u00e7\u00e3o<\/a>&nbsp;no per\u00edodo de 03 a 15 de dezembro. Ap\u00f3s o recebimento das propostas, a Secretaria de Cultura far\u00e1 a triagem e sele\u00e7\u00e3o conforme os crit\u00e9rios estabelecidos.<\/p>\n\n\n\n<p>A Festa da Uva \u00e9 uma das celebra\u00e7\u00f5es culturais mais tradicionais de Jundia\u00ed e representa uma vitrine importante para artistas da cidade e da regi\u00e3o. A Administra\u00e7\u00e3o Municipal refor\u00e7a o compromisso com a promo\u00e7\u00e3o cultural e a valoriza\u00e7\u00e3o dos talentos locais.<\/p>\n\n\n\n<p>Fonte \/ Imagem: Prefeitura de Jundia\u00ed<\/p>\n","protected":false},"excerpt":{"rendered":"<p>Os artistas devem preencher o formul\u00e1rio de inscri\u00e7\u00e3o no per\u00edodo de 03 a 15 de dezembro<\/p>\n","protected":false},"author":24,"featured_media":132919,"comment_status":"closed","ping_status":"0","sticky":false,"template":"","format":"standard","meta":{"footnotes":""},"categories":[2833,8356],"tags":[],"class_list":["post-132918","post","type-post","status-publish","format-standard","has-post-thumbnail","hentry","category-cultura","category-jundiai"],"_links":{"self":[{"href":"https:\/\/tvtecjundiai.com.br\/news\/wp-json\/wp\/v2\/posts\/132918","targetHints":{"allow":["GET"]}}],"collection":[{"href":"https:\/\/tvtecjundiai.com.br\/news\/wp-json\/wp\/v2\/posts"}],"about":[{"href":"https:\/\/tvtecjundiai.com.br\/news\/wp-json\/wp\/v2\/types\/post"}],"author":[{"embeddable":true,"href":"https:\/\/tvtecjundiai.com.br\/news\/wp-json\/wp\/v2\/users\/24"}],"replies":[{"embeddable":true,"href":"https:\/\/tvtecjundiai.com.br\/news\/wp-json\/wp\/v2\/comments?post=132918"}],"version-history":[{"count":1,"href":"https:\/\/tvtecjundiai.com.br\/news\/wp-json\/wp\/v2\/posts\/132918\/revisions"}],"predecessor-version":[{"id":132920,"href":"https:\/\/tvtecjundiai.com.br\/news\/wp-json\/wp\/v2\/posts\/132918\/revisions\/132920"}],"wp:featuredmedia":[{"embeddable":true,"href":"https:\/\/tvtecjundiai.com.br\/news\/wp-json\/wp\/v2\/media\/132919"}],"wp:attachment":[{"href":"https:\/\/tvtecjundiai.com.br\/news\/wp-json\/wp\/v2\/media?parent=132918"}],"wp:term":[{"taxonomy":"category","embeddable":true,"href":"https:\/\/tvtecjundiai.com.br\/news\/wp-json\/wp\/v2\/categories?post=132918"},{"taxonomy":"post_tag","embeddable":true,"href":"https:\/\/tvtecjundiai.com.br\/news\/wp-json\/wp\/v2\/tags?post=132918"}],"curies":[{"name":"wp","href":"https:\/\/api.w.org\/{rel}","templated":true}]}}