{"id":132931,"date":"2025-12-05T10:00:13","date_gmt":"2025-12-05T13:00:13","guid":{"rendered":"https:\/\/tvtecjundiai.com.br\/news\/?p=132931"},"modified":"2025-12-05T10:04:54","modified_gmt":"2025-12-05T13:04:54","slug":"selo-amigo-da-pessoa-com-tea-reconhece-inclusao-apae-de-jundiai-esta-entre-as-premiadas","status":"publish","type":"post","link":"https:\/\/tvtecjundiai.com.br\/news\/2025\/12\/05\/selo-amigo-da-pessoa-com-tea-reconhece-inclusao-apae-de-jundiai-esta-entre-as-premiadas\/","title":{"rendered":"Selo \u201cAmigo da Pessoa com TEA\u201d reconhece inclus\u00e3o; APAE de Jundia\u00ed est\u00e1 entre as premiadas"},"content":{"rendered":"\n<p>A APAE de Jundia\u00ed foi uma das entidades reconhecidas com o Selo Amigo da Pessoa com TEA, concedido pela Secretaria dos Direitos da Pessoa com Defici\u00eancia do Estado de S\u00e3o Paulo (SEDPcD-SP). A certifica\u00e7\u00e3o elege iniciativas que promovem respeito, acessibilidade e inclus\u00e3o de pessoas com Transtorno do Espectro Autista (TEA), destacando organiza\u00e7\u00f5es que atuam com boas pr\u00e1ticas de atendimento humanizado, capacita\u00e7\u00e3o de equipes e elimina\u00e7\u00e3o de barreiras sociais.<\/p>\n\n\n\n<figure class=\"wp-block-image size-large is-resized\"><img loading=\"lazy\" decoding=\"async\" width=\"720\" height=\"960\" src=\"https:\/\/tvtecjundiai.com.br\/news\/wp-content\/uploads\/sites\/2\/2025\/12\/WhatsApp-Image-2025-12-04-at-16.15.58-720x960.jpeg\" alt=\"\" class=\"wp-image-132932\" style=\"width:840px;height:auto\" srcset=\"https:\/\/tvtecjundiai.com.br\/news\/wp-content\/uploads\/sites\/2\/2025\/12\/WhatsApp-Image-2025-12-04-at-16.15.58-720x960.jpeg 720w, https:\/\/tvtecjundiai.com.br\/news\/wp-content\/uploads\/sites\/2\/2025\/12\/WhatsApp-Image-2025-12-04-at-16.15.58-300x400.jpeg 300w, https:\/\/tvtecjundiai.com.br\/news\/wp-content\/uploads\/sites\/2\/2025\/12\/WhatsApp-Image-2025-12-04-at-16.15.58-768x1024.jpeg 768w, https:\/\/tvtecjundiai.com.br\/news\/wp-content\/uploads\/sites\/2\/2025\/12\/WhatsApp-Image-2025-12-04-at-16.15.58-1152x1536.jpeg 1152w, https:\/\/tvtecjundiai.com.br\/news\/wp-content\/uploads\/sites\/2\/2025\/12\/WhatsApp-Image-2025-12-04-at-16.15.58.jpeg 1200w\" sizes=\"auto, (max-width: 720px) 100vw, 720px\" \/><figcaption class=\"wp-element-caption\">O presidente, Edison Gon\u00e7alves, recebeu o pr\u00eamio em nome da entidade<br><\/figcaption><\/figure>\n\n\n\n<p><\/p>\n\n\n\n<p>O reconhecimento legitima o trabalho cont\u00ednuo realizado pela APAE de Jundia\u00ed, que se dedica diariamente a oferecer atendimento qualificado, acolhimento e oportunidades de desenvolvimento \u00e0s pessoas com defici\u00eancia. O presidente, Edison Gon\u00e7alves, recebeu o pr\u00eamio em nome da entidade.<br><\/p>\n\n\n\n<p>\u201cNossa miss\u00e3o \u00e9 promover inclus\u00e3o, garantir direitos e transformar vidas e este selo refor\u00e7a que estamos no caminho certo. Agradecemos \u00e0 equipe t\u00e9cnica, gest\u00e3o, diretoria e todos que contribuem para este compromisso se fortalecer a cada dia\u201d, afirmou o presidente.<\/p>\n\n\n\n<p>A certifica\u00e7\u00e3o tamb\u00e9m destaca o alinhamento da APAE de Jundia\u00ed com as diretrizes do movimento apaeano em todo o Estado. Em 2025, a SEDPcD-SP divulgou a lista das 112 institui\u00e7\u00f5es contempladas, incluindo a FEAPAES-SP e outras APAEs filiadas, todas reconhecidas pela atua\u00e7\u00e3o comprometida com a cidadania e o respeito \u00e0s singularidades das pessoas com TEA.<\/p>\n\n\n\n<p>A APAE de Jundia\u00ed segue avan\u00e7ando com responsabilidade e conscientiza\u00e7\u00e3o na constru\u00e7\u00e3o de ambientes inclusivos.<\/p>\n\n\n\n<p><\/p>\n\n\n\n<p>Fonte \/ Imagem: Assessoria de Imprensa APAE<\/p>\n\n\n\n<p><\/p>\n","protected":false},"excerpt":{"rendered":"<p>A APAE de Jundia\u00ed segue avan\u00e7ando com responsabilidade e conscientiza\u00e7\u00e3o na constru\u00e7\u00e3o de ambientes inclusivos<\/p>\n","protected":false},"author":24,"featured_media":132935,"comment_status":"closed","ping_status":"0","sticky":false,"template":"","format":"standard","meta":{"footnotes":""},"categories":[8430,29,8356],"tags":[],"class_list":["post-132931","post","type-post","status-publish","format-standard","has-post-thumbnail","hentry","category-apae","category-destaque","category-jundiai"],"_links":{"self":[{"href":"https:\/\/tvtecjundiai.com.br\/news\/wp-json\/wp\/v2\/posts\/132931","targetHints":{"allow":["GET"]}}],"collection":[{"href":"https:\/\/tvtecjundiai.com.br\/news\/wp-json\/wp\/v2\/posts"}],"about":[{"href":"https:\/\/tvtecjundiai.com.br\/news\/wp-json\/wp\/v2\/types\/post"}],"author":[{"embeddable":true,"href":"https:\/\/tvtecjundiai.com.br\/news\/wp-json\/wp\/v2\/users\/24"}],"replies":[{"embeddable":true,"href":"https:\/\/tvtecjundiai.com.br\/news\/wp-json\/wp\/v2\/comments?post=132931"}],"version-history":[{"count":1,"href":"https:\/\/tvtecjundiai.com.br\/news\/wp-json\/wp\/v2\/posts\/132931\/revisions"}],"predecessor-version":[{"id":132934,"href":"https:\/\/tvtecjundiai.com.br\/news\/wp-json\/wp\/v2\/posts\/132931\/revisions\/132934"}],"wp:featuredmedia":[{"embeddable":true,"href":"https:\/\/tvtecjundiai.com.br\/news\/wp-json\/wp\/v2\/media\/132935"}],"wp:attachment":[{"href":"https:\/\/tvtecjundiai.com.br\/news\/wp-json\/wp\/v2\/media?parent=132931"}],"wp:term":[{"taxonomy":"category","embeddable":true,"href":"https:\/\/tvtecjundiai.com.br\/news\/wp-json\/wp\/v2\/categories?post=132931"},{"taxonomy":"post_tag","embeddable":true,"href":"https:\/\/tvtecjundiai.com.br\/news\/wp-json\/wp\/v2\/tags?post=132931"}],"curies":[{"name":"wp","href":"https:\/\/api.w.org\/{rel}","templated":true}]}}