{"id":132942,"date":"2025-12-05T10:48:35","date_gmt":"2025-12-05T13:48:35","guid":{"rendered":"https:\/\/tvtecjundiai.com.br\/news\/?p=132942"},"modified":"2025-12-05T10:48:35","modified_gmt":"2025-12-05T13:48:35","slug":"agenda-cultural-auto-da-compadecida-e-alice-no-pais-das-maravilhas-movimentam-fim-de-semana-em-jundiai","status":"publish","type":"post","link":"https:\/\/tvtecjundiai.com.br\/news\/2025\/12\/05\/agenda-cultural-auto-da-compadecida-e-alice-no-pais-das-maravilhas-movimentam-fim-de-semana-em-jundiai\/","title":{"rendered":"Agenda Cultural: Auto da Compadecida e Alice no Pa\u00eds das Maravilhas movimentam fim de semana em Jundia\u00ed"},"content":{"rendered":"\n<p>O fim de semana em Jundia\u00ed promete muita cultura e divers\u00e3o! Vai ter dan\u00e7a, cinema, atra\u00e7\u00e3o infantil, teatro, show ao vivo e muitas outras atra\u00e7\u00f5es interessantes espalhadas por todos os cantos da cidade.<\/p>\n\n\n\n<figure class=\"wp-block-image size-full\"><img loading=\"lazy\" decoding=\"async\" width=\"1128\" height=\"635\" src=\"https:\/\/tvtecjundiai.com.br\/news\/wp-content\/uploads\/sites\/2\/2025\/12\/image-2.png\" alt=\"\" class=\"wp-image-132946\" srcset=\"https:\/\/tvtecjundiai.com.br\/news\/wp-content\/uploads\/sites\/2\/2025\/12\/image-2.png 1128w, https:\/\/tvtecjundiai.com.br\/news\/wp-content\/uploads\/sites\/2\/2025\/12\/image-2-300x169.png 300w, https:\/\/tvtecjundiai.com.br\/news\/wp-content\/uploads\/sites\/2\/2025\/12\/image-2-768x432.png 768w\" sizes=\"auto, (max-width: 1128px) 100vw, 1128px\" \/><\/figure>\n\n\n\n<p>Confira datas e hor\u00e1rios:<\/p>\n\n\n\n<ul class=\"wp-block-list\">\n<li>O Som de Hermeto com o Grupo Nave M\u00e3e &#8211; O Grupo de Hermeto Pascoal<br>05 de dezembro (sexta-feira) \/ 18h<br>06 de dezembro (s\u00e1bado) \/ 19h<br>Sesc Jundia\u00ed<\/li>\n<\/ul>\n\n\n\n<p><\/p>\n\n\n\n<ul class=\"wp-block-list\">\n<li>O Auto da Compadecida<br>05 de dezembro (sexta-feira) \/ 19h30<br>Sala Santos Jundia\u00ed \u2013 Espa\u00e7o Expressa<br><strong>Gratuito<\/strong><\/li>\n<\/ul>\n\n\n\n<p><\/p>\n\n\n\n<ul class=\"wp-block-list\">\n<li>Banda Genghis Rex<br>05 de dezembro (sexta-feira) \/ 20h<br>Sala Gl\u00f3ria Rocha do Centro das Artes<\/li>\n<\/ul>\n\n\n\n<p><\/p>\n\n\n\n<ul class=\"wp-block-list\">\n<li>Jupta convida MeFuria<br>05 de dezembro (sexta-feira) \/ 20h<br>Sesc Jundia\u00ed<br><strong>Gratuito<\/strong><\/li>\n<\/ul>\n\n\n\n<p><\/p>\n\n\n\n<ul class=\"wp-block-list\">\n<li>Abertura da Exposi\u00e7\u00e3o \u201cAmaz\u00f4nia ainda pulsa\u2026 ser\u00e1?\u201d<br>06 de dezembro (s\u00e1bado) \/ 10h30<br>Biblioteca Municipal Prof. Nelson Foot<br><strong>Gratuito<\/strong><\/li>\n<\/ul>\n\n\n\n<p><\/p>\n\n\n\n<ul class=\"wp-block-list\">\n<li>Lan\u00e7amento de Livro ProAC 2024: \u201cAntes do Carnaval\u201d<br>06 de dezembro (s\u00e1bado) \/ 10h30<br>Biblioteca Municipal Prof. Nelson Foot<br><strong>Gratuito<\/strong><\/li>\n<\/ul>\n\n\n\n<p><\/p>\n\n\n\n<ul class=\"wp-block-list\">\n<li>Conta\u00e7\u00e3o de Hist\u00f3rias: \u201cNatalinos: a tradi\u00e7\u00e3o do Natal brasileiro\u201d<br>06 de dezembro (s\u00e1bado) \/ 11h<br>Biblioteca Municipal Prof. Nelson Foot<br><strong>Gratuito<\/strong><\/li>\n<\/ul>\n\n\n\n<p><\/p>\n\n\n\n<ul class=\"wp-block-list\">\n<li>Formatura de Capoeira<br>06 de dezembro (s\u00e1bado) \/ 20h<br>Sagu\u00e3o do Centro das Artes Prefeito Pedro F\u00e1varo<br><strong>Gratuito<\/strong><\/li>\n<\/ul>\n\n\n\n<p><\/p>\n\n\n\n<ul class=\"wp-block-list\">\n<li>Alice no Pa\u00eds das Maravilhas: Um Musical Desconcertante<br>6 de dezembro (s\u00e1bado) \/ 16h<br>Teatro Polytheama<\/li>\n<\/ul>\n\n\n\n<p><\/p>\n\n\n\n<ul class=\"wp-block-list\">\n<li>\u201cUna Noche Espa\u00f1ola\u201d com o tenor Eric Herrero e a maestra e pianista Priscila Bomfim<br>06 de dezembro (s\u00e1bado) \/ 20h<br>Sala Gl\u00f3ria Rocha do Centro das Artes<\/li>\n<\/ul>\n\n\n\n<p><\/p>\n\n\n\n<ul class=\"wp-block-list\">\n<li>Conta\u00e7\u00e3o de Hist\u00f3rias: \u201cTrovador e o Rei\u201d da Cia. a Dois<br>07 de dezembro (domingo) \/ 10h<br>F\u00e1brica das Inf\u00e2ncias Japy<br>Gratuito<\/li>\n<\/ul>\n\n\n\n<p><\/p>\n\n\n\n<ul class=\"wp-block-list\">\n<li>Mundo Suassuna<br>07 de dezembro (domingo) \/ 16h<br>Sesc Jundia\u00ed<\/li>\n<\/ul>\n\n\n\n<p><\/p>\n\n\n\n<ul class=\"wp-block-list\">\n<li>Os L\u00f3ssios Cantam Tribalistas<br>07 de dezembro (domingo) \/ 17h30<br>Sesc Jundia\u00ed<br><strong>Gratuito<\/strong><\/li>\n<\/ul>\n\n\n\n<p><\/p>\n\n\n\n<ul class=\"wp-block-list\">\n<li>\u201cOn\u00edrico: Mundo dos Sonhos\u201d com as turmas das oficinas culturais do CEU das Artes do Vista Alegre<br>07 de dezembro (domingo) \/ 19h<br>Teatro Polytheama<br><strong>Gratuito<\/strong><\/li>\n<\/ul>\n","protected":false},"excerpt":{"rendered":"<p>Confira datas e hor\u00e1rios das principais atra\u00e7\u00f5es deste fim de semana<\/p>\n","protected":false},"author":24,"featured_media":132945,"comment_status":"closed","ping_status":"0","sticky":false,"template":"","format":"standard","meta":{"footnotes":""},"categories":[2833,29,8429,8356,8354],"tags":[],"class_list":["post-132942","post","type-post","status-publish","format-standard","has-post-thumbnail","hentry","category-cultura","category-destaque","category-eventos","category-jundiai","category-lazer"],"_links":{"self":[{"href":"https:\/\/tvtecjundiai.com.br\/news\/wp-json\/wp\/v2\/posts\/132942","targetHints":{"allow":["GET"]}}],"collection":[{"href":"https:\/\/tvtecjundiai.com.br\/news\/wp-json\/wp\/v2\/posts"}],"about":[{"href":"https:\/\/tvtecjundiai.com.br\/news\/wp-json\/wp\/v2\/types\/post"}],"author":[{"embeddable":true,"href":"https:\/\/tvtecjundiai.com.br\/news\/wp-json\/wp\/v2\/users\/24"}],"replies":[{"embeddable":true,"href":"https:\/\/tvtecjundiai.com.br\/news\/wp-json\/wp\/v2\/comments?post=132942"}],"version-history":[{"count":1,"href":"https:\/\/tvtecjundiai.com.br\/news\/wp-json\/wp\/v2\/posts\/132942\/revisions"}],"predecessor-version":[{"id":132947,"href":"https:\/\/tvtecjundiai.com.br\/news\/wp-json\/wp\/v2\/posts\/132942\/revisions\/132947"}],"wp:featuredmedia":[{"embeddable":true,"href":"https:\/\/tvtecjundiai.com.br\/news\/wp-json\/wp\/v2\/media\/132945"}],"wp:attachment":[{"href":"https:\/\/tvtecjundiai.com.br\/news\/wp-json\/wp\/v2\/media?parent=132942"}],"wp:term":[{"taxonomy":"category","embeddable":true,"href":"https:\/\/tvtecjundiai.com.br\/news\/wp-json\/wp\/v2\/categories?post=132942"},{"taxonomy":"post_tag","embeddable":true,"href":"https:\/\/tvtecjundiai.com.br\/news\/wp-json\/wp\/v2\/tags?post=132942"}],"curies":[{"name":"wp","href":"https:\/\/api.w.org\/{rel}","templated":true}]}}