{"id":132948,"date":"2025-12-05T11:10:21","date_gmt":"2025-12-05T14:10:21","guid":{"rendered":"https:\/\/tvtecjundiai.com.br\/news\/?p=132948"},"modified":"2025-12-05T11:10:21","modified_gmt":"2025-12-05T14:10:21","slug":"hepatite-b-hpv-influenza-e-mais-sabado-6-e-dia-de-vacinacao-no-centro","status":"publish","type":"post","link":"https:\/\/tvtecjundiai.com.br\/news\/2025\/12\/05\/hepatite-b-hpv-influenza-e-mais-sabado-6-e-dia-de-vacinacao-no-centro\/","title":{"rendered":"Hepatite B, HPV, influenza e mais: s\u00e1bado (6) \u00e9 dia de vacina\u00e7\u00e3o no Centro"},"content":{"rendered":"\n<p>A Secretaria de Promo\u00e7\u00e3o da Sa\u00fade, por meio da Vigil\u00e2ncia Epidemiol\u00f3gica (VE), realiza neste s\u00e1bado (6) uma a\u00e7\u00e3o de multivacina\u00e7\u00e3o na Pra\u00e7a da Matriz, voltada para os p\u00fablicos adolescente e adulto.<\/p>\n\n\n\n<p>Das 9h \u00e0s 16h, equipes receber\u00e3o a popula\u00e7\u00e3o para atualizar a carteirinha contra diversas doen\u00e7as:<\/p>\n\n\n\n<ul class=\"wp-block-list\">\n<li>hepatite B<\/li>\n\n\n\n<li>difteria e t\u00e9tano (dupla adulto)<\/li>\n\n\n\n<li>varicela<\/li>\n\n\n\n<li>HPV (para pessoas de 9 a 19 anos)<\/li>\n\n\n\n<li>influenza<\/li>\n\n\n\n<li>sarampo, caxumba e rub\u00e9ola (SCR)<\/li>\n\n\n\n<li>febre amarela<\/li>\n\n\n\n<li>meningites e doen\u00e7as meningoc\u00f3cicas (ACWY)<\/li>\n<\/ul>\n\n\n\n<p><\/p>\n\n\n\n<p>Al\u00e9m da aplica\u00e7\u00e3o das doses, profissionais estar\u00e3o dispon\u00edveis para orienta\u00e7\u00f5es e esclarecimento de d\u00favidas sobre esquemas vacinais e a import\u00e2ncia da imuniza\u00e7\u00e3o ao longo da vida. A a\u00e7\u00e3o integra as estrat\u00e9gias do munic\u00edpio para ampliar as coberturas vacinais e refor\u00e7ar a prote\u00e7\u00e3o coletiva, especialmente em per\u00edodos de maior circula\u00e7\u00e3o de v\u00edrus respirat\u00f3rios.<\/p>\n\n\n\n<p>Para a coordenadora da Vigil\u00e2ncia Epidemiol\u00f3gica (VE), Carolina de Azevedo, essa mobiliza\u00e7\u00e3o \u00e9 uma oportunidade para que adolescentes e adultos coloquem em dia suas vacinas, evitando doen\u00e7as que podem ser prevenidas de forma simples e segura. \u201cA vacina\u00e7\u00e3o \u00e9 um ato de cuidado individual que tamb\u00e9m protege toda a comunidade. Todas as vacinas ser\u00e3o aplicadas conforme preconiza o Programa Nacional de Imuniza\u00e7\u00f5es (PIN), portanto, quanto mais pessoas imunizadas, menor \u00e9 a circula\u00e7\u00e3o dos v\u00edrus e maior \u00e9 a prote\u00e7\u00e3o de todos\u201d, refor\u00e7a.<\/p>\n\n\n\n<p><\/p>\n\n\n\n<p>Fonte \/ Imagem: Prefeitura de Jundia\u00ed<\/p>\n","protected":false},"excerpt":{"rendered":"<p>Das 9h \u00e0s 16h, equipes receber\u00e3o a popula\u00e7\u00e3o para atualizar a carteirinha contra diversas doen\u00e7as<\/p>\n","protected":false},"author":24,"featured_media":132949,"comment_status":"closed","ping_status":"0","sticky":false,"template":"","format":"standard","meta":{"footnotes":""},"categories":[8356,2839],"tags":[],"class_list":["post-132948","post","type-post","status-publish","format-standard","has-post-thumbnail","hentry","category-jundiai","category-saude"],"_links":{"self":[{"href":"https:\/\/tvtecjundiai.com.br\/news\/wp-json\/wp\/v2\/posts\/132948","targetHints":{"allow":["GET"]}}],"collection":[{"href":"https:\/\/tvtecjundiai.com.br\/news\/wp-json\/wp\/v2\/posts"}],"about":[{"href":"https:\/\/tvtecjundiai.com.br\/news\/wp-json\/wp\/v2\/types\/post"}],"author":[{"embeddable":true,"href":"https:\/\/tvtecjundiai.com.br\/news\/wp-json\/wp\/v2\/users\/24"}],"replies":[{"embeddable":true,"href":"https:\/\/tvtecjundiai.com.br\/news\/wp-json\/wp\/v2\/comments?post=132948"}],"version-history":[{"count":1,"href":"https:\/\/tvtecjundiai.com.br\/news\/wp-json\/wp\/v2\/posts\/132948\/revisions"}],"predecessor-version":[{"id":132950,"href":"https:\/\/tvtecjundiai.com.br\/news\/wp-json\/wp\/v2\/posts\/132948\/revisions\/132950"}],"wp:featuredmedia":[{"embeddable":true,"href":"https:\/\/tvtecjundiai.com.br\/news\/wp-json\/wp\/v2\/media\/132949"}],"wp:attachment":[{"href":"https:\/\/tvtecjundiai.com.br\/news\/wp-json\/wp\/v2\/media?parent=132948"}],"wp:term":[{"taxonomy":"category","embeddable":true,"href":"https:\/\/tvtecjundiai.com.br\/news\/wp-json\/wp\/v2\/categories?post=132948"},{"taxonomy":"post_tag","embeddable":true,"href":"https:\/\/tvtecjundiai.com.br\/news\/wp-json\/wp\/v2\/tags?post=132948"}],"curies":[{"name":"wp","href":"https:\/\/api.w.org\/{rel}","templated":true}]}}