{"id":132957,"date":"2025-12-08T10:31:36","date_gmt":"2025-12-08T13:31:36","guid":{"rendered":"https:\/\/tvtecjundiai.com.br\/news\/?p=132957"},"modified":"2025-12-09T09:06:06","modified_gmt":"2025-12-09T12:06:06","slug":"tvtec-jundiai-lamenta-a-morte-do-jornalista-guilherme-barros-aos-35-anos","status":"publish","type":"post","link":"https:\/\/tvtecjundiai.com.br\/news\/2025\/12\/08\/tvtec-jundiai-lamenta-a-morte-do-jornalista-guilherme-barros-aos-35-anos\/","title":{"rendered":"TVTEC Jundia\u00ed lamenta a morte do jornalista Guilherme Barros, aos 35 anos"},"content":{"rendered":"\n<figure class=\"wp-block-image size-large\"><img loading=\"lazy\" decoding=\"async\" width=\"1200\" height=\"748\" src=\"https:\/\/tvtecjundiai.com.br\/news\/wp-content\/uploads\/sites\/2\/2025\/12\/gui-barros-hoje-1200x748.png\" alt=\"\" class=\"wp-image-132959\" srcset=\"https:\/\/tvtecjundiai.com.br\/news\/wp-content\/uploads\/sites\/2\/2025\/12\/gui-barros-hoje-1200x748.png 1200w, https:\/\/tvtecjundiai.com.br\/news\/wp-content\/uploads\/sites\/2\/2025\/12\/gui-barros-hoje-300x187.png 300w, https:\/\/tvtecjundiai.com.br\/news\/wp-content\/uploads\/sites\/2\/2025\/12\/gui-barros-hoje-768x479.png 768w, https:\/\/tvtecjundiai.com.br\/news\/wp-content\/uploads\/sites\/2\/2025\/12\/gui-barros-hoje.png 1265w\" sizes=\"auto, (max-width: 1200px) 100vw, 1200px\" \/><\/figure>\n\n\n\n<p>A TVTEC Jundia\u00ed comunica, com profundo pesar, o falecimento do jornalista <strong>Guilherme Barros<\/strong>, de 35 anos, ocorrido na madrugada deste domingo (7). As causas da morte ainda n\u00e3o foram informadas.<\/p>\n\n\n\n<p>A not\u00edcia causou grande como\u00e7\u00e3o entre colegas, amigos e profissionais da comunica\u00e7\u00e3o. Guilherme era conhecido pelo trabalho na \u00e1rea do jornalismo. Na TVTEC, estava atuando como rep\u00f3rter e transformando relatos cotidianos em hist\u00f3rias compreens\u00edveis e significativas para a popula\u00e7\u00e3o.<\/p>\n\n\n\n<p>Morador do bairro Ponte S\u00e3o Jo\u00e3o, onde vivia com os pais, Guilherme era tamb\u00e9m uma figura muito presente em Jundia\u00ed. Em sua trajet\u00f3ria, passou por r\u00e1dios e emissoras de TV da cidade.<\/p>\n\n\n\n<p>Neste momento de tristeza, toda a equipe da TVTEC Jundia\u00ed se une \u00e0 fam\u00edlia e aos amigos para prestar homenagem a um colega que deixa lembran\u00e7as importantes e uma contribui\u00e7\u00e3o valiosa para a comunica\u00e7\u00e3o local.<\/p>\n\n\n\n<p>O prefeito Gustavo Martinelli publicou uma nota de pesar em suas redes sociais; <\/p>\n\n\n\n<p>&#8220;<em>Nota de pesar<br>Recebi, com imensa tristeza, a not\u00edcia do falecimento de Guilherme Barros, jornalista e colaborador da TV TEC, na manh\u00e3 deste domingo. Guilherme era um profissional dedicado, respons\u00e1vel por diversas reportagens que contribu\u00edram para informar a popula\u00e7\u00e3o.<br>Neste momento de dor, me solidarizo com seus familiares, amigos e colegas. Que Deus conforte a todos.<\/em>&#8220;<\/p>\n\n\n\n<p>Guilherme Barros completaria 36 anos no dia 12 de dezembro. <\/p>\n\n\n\n<p>Informa\u00e7\u00f5es sobre vel\u00f3rio e sepultamento ser\u00e3o divulgadas assim que confirmadas.<\/p>\n","protected":false},"excerpt":{"rendered":"<p>Guilherme Barros tinha 35 anos e completaria mais um anivers\u00e1rio no dia 12 de dezembro<\/p>\n","protected":false},"author":24,"featured_media":132958,"comment_status":"closed","ping_status":"0","sticky":false,"template":"","format":"standard","meta":{"footnotes":""},"categories":[8356],"tags":[],"class_list":["post-132957","post","type-post","status-publish","format-standard","has-post-thumbnail","hentry","category-jundiai"],"_links":{"self":[{"href":"https:\/\/tvtecjundiai.com.br\/news\/wp-json\/wp\/v2\/posts\/132957","targetHints":{"allow":["GET"]}}],"collection":[{"href":"https:\/\/tvtecjundiai.com.br\/news\/wp-json\/wp\/v2\/posts"}],"about":[{"href":"https:\/\/tvtecjundiai.com.br\/news\/wp-json\/wp\/v2\/types\/post"}],"author":[{"embeddable":true,"href":"https:\/\/tvtecjundiai.com.br\/news\/wp-json\/wp\/v2\/users\/24"}],"replies":[{"embeddable":true,"href":"https:\/\/tvtecjundiai.com.br\/news\/wp-json\/wp\/v2\/comments?post=132957"}],"version-history":[{"count":2,"href":"https:\/\/tvtecjundiai.com.br\/news\/wp-json\/wp\/v2\/posts\/132957\/revisions"}],"predecessor-version":[{"id":132963,"href":"https:\/\/tvtecjundiai.com.br\/news\/wp-json\/wp\/v2\/posts\/132957\/revisions\/132963"}],"wp:featuredmedia":[{"embeddable":true,"href":"https:\/\/tvtecjundiai.com.br\/news\/wp-json\/wp\/v2\/media\/132958"}],"wp:attachment":[{"href":"https:\/\/tvtecjundiai.com.br\/news\/wp-json\/wp\/v2\/media?parent=132957"}],"wp:term":[{"taxonomy":"category","embeddable":true,"href":"https:\/\/tvtecjundiai.com.br\/news\/wp-json\/wp\/v2\/categories?post=132957"},{"taxonomy":"post_tag","embeddable":true,"href":"https:\/\/tvtecjundiai.com.br\/news\/wp-json\/wp\/v2\/tags?post=132957"}],"curies":[{"name":"wp","href":"https:\/\/api.w.org\/{rel}","templated":true}]}}