{"id":132964,"date":"2025-12-08T10:30:49","date_gmt":"2025-12-08T13:30:49","guid":{"rendered":"https:\/\/tvtecjundiai.com.br\/news\/?p=132964"},"modified":"2025-12-08T10:31:09","modified_gmt":"2025-12-08T13:31:09","slug":"incendio-atinge-a-historica-galeria-bocchino-no-centro-de-jundiai","status":"publish","type":"post","link":"https:\/\/tvtecjundiai.com.br\/news\/2025\/12\/08\/incendio-atinge-a-historica-galeria-bocchino-no-centro-de-jundiai\/","title":{"rendered":"Inc\u00eandio atinge a hist\u00f3rica Galeria Bocchino no Centro de Jundia\u00ed"},"content":{"rendered":"\n<p>A hist\u00f3rica Galeria Bocchino, localizada na regi\u00e3o central de Jundia\u00ed, foi atingida por um inc\u00eandio na madrugada deste domingo (7). As chamas mobilizaram equipes do Corpo de Bombeiros, Pol\u00edcia Militar e Defesa Civil, que atuaram de forma integrada para controlar o fogo e garantir a seguran\u00e7a do entorno. N\u00e3o houve v\u00edtimas, j\u00e1 que o espa\u00e7o estava fechado no momento do incidente.<\/p>\n\n\n\n<figure class=\"wp-block-image size-full\"><img loading=\"lazy\" decoding=\"async\" width=\"1084\" height=\"658\" src=\"https:\/\/tvtecjundiai.com.br\/news\/wp-content\/uploads\/sites\/2\/2025\/12\/WhatsApp-Image-2025-12-07-at-16.50.33.jpeg\" alt=\"\" class=\"wp-image-132965\" srcset=\"https:\/\/tvtecjundiai.com.br\/news\/wp-content\/uploads\/sites\/2\/2025\/12\/WhatsApp-Image-2025-12-07-at-16.50.33.jpeg 1084w, https:\/\/tvtecjundiai.com.br\/news\/wp-content\/uploads\/sites\/2\/2025\/12\/WhatsApp-Image-2025-12-07-at-16.50.33-300x182.jpeg 300w, https:\/\/tvtecjundiai.com.br\/news\/wp-content\/uploads\/sites\/2\/2025\/12\/WhatsApp-Image-2025-12-07-at-16.50.33-768x466.jpeg 768w\" sizes=\"auto, (max-width: 1084px) 100vw, 1084px\" \/><figcaption class=\"wp-element-caption\">O fogo come\u00e7ou por volta das 4h15 deste domingo (07) e foi combatido pelos bombeiros. <\/figcaption><\/figure>\n\n\n\n<p>Segundo a Prefeitura de Jundia\u00ed, apenas seis dos 13 boxes existentes estavam ocupados. Ap\u00f3s a conten\u00e7\u00e3o das chamas, a Defesa Civil interditou o pr\u00e9dio preventivamente por tempo indeterminado, at\u00e9 a conclus\u00e3o das avalia\u00e7\u00f5es estruturais e de seguran\u00e7a. A Administra\u00e7\u00e3o Municipal informou ainda que prestar\u00e1 suporte aos ocupantes da galeria.<\/p>\n\n\n\n<p>As causas do inc\u00eandio ser\u00e3o investigadas pela per\u00edcia t\u00e9cnica, que j\u00e1 iniciou os trabalhos no local.<\/p>\n\n\n\n<p>A Galeria Bocchino \u00e9 considerada um dos marcos hist\u00f3ricos e comerciais da cidade. Originada da antiga Casa Bocchino &amp; Mojola, \u00e9 reconhecida como uma das primeiras galerias do Brasil e preserva grande valor simb\u00f3lico para gera\u00e7\u00f5es de jundiaienses.<\/p>\n\n\n\n<p>A Prefeitura seguir\u00e1 acompanhando o caso e divulgando atualiza\u00e7\u00f5es conforme o avan\u00e7o das an\u00e1lises.<\/p>\n\n\n\n<p>Texto por: Reda\u00e7\u00e3o TVTEC Jundia\u00ed<\/p>\n\n\n\n<p><\/p>\n","protected":false},"excerpt":{"rendered":"<p>Pr\u00e9dio \u00e9 interditado; Prefeitura acompanha caso e causas ser\u00e3o investigadas<\/p>\n","protected":false},"author":24,"featured_media":132965,"comment_status":"closed","ping_status":"0","sticky":false,"template":"","format":"standard","meta":{"footnotes":""},"categories":[29,3060,8357,8356,1],"tags":[],"class_list":["post-132964","post","type-post","status-publish","format-standard","has-post-thumbnail","hentry","category-destaque","category-geral","category-gestao","category-jundiai","category-noticias"],"_links":{"self":[{"href":"https:\/\/tvtecjundiai.com.br\/news\/wp-json\/wp\/v2\/posts\/132964","targetHints":{"allow":["GET"]}}],"collection":[{"href":"https:\/\/tvtecjundiai.com.br\/news\/wp-json\/wp\/v2\/posts"}],"about":[{"href":"https:\/\/tvtecjundiai.com.br\/news\/wp-json\/wp\/v2\/types\/post"}],"author":[{"embeddable":true,"href":"https:\/\/tvtecjundiai.com.br\/news\/wp-json\/wp\/v2\/users\/24"}],"replies":[{"embeddable":true,"href":"https:\/\/tvtecjundiai.com.br\/news\/wp-json\/wp\/v2\/comments?post=132964"}],"version-history":[{"count":2,"href":"https:\/\/tvtecjundiai.com.br\/news\/wp-json\/wp\/v2\/posts\/132964\/revisions"}],"predecessor-version":[{"id":132973,"href":"https:\/\/tvtecjundiai.com.br\/news\/wp-json\/wp\/v2\/posts\/132964\/revisions\/132973"}],"wp:featuredmedia":[{"embeddable":true,"href":"https:\/\/tvtecjundiai.com.br\/news\/wp-json\/wp\/v2\/media\/132965"}],"wp:attachment":[{"href":"https:\/\/tvtecjundiai.com.br\/news\/wp-json\/wp\/v2\/media?parent=132964"}],"wp:term":[{"taxonomy":"category","embeddable":true,"href":"https:\/\/tvtecjundiai.com.br\/news\/wp-json\/wp\/v2\/categories?post=132964"},{"taxonomy":"post_tag","embeddable":true,"href":"https:\/\/tvtecjundiai.com.br\/news\/wp-json\/wp\/v2\/tags?post=132964"}],"curies":[{"name":"wp","href":"https:\/\/api.w.org\/{rel}","templated":true}]}}