{"id":132967,"date":"2025-12-08T10:23:41","date_gmt":"2025-12-08T13:23:41","guid":{"rendered":"https:\/\/tvtecjundiai.com.br\/news\/?p=132967"},"modified":"2025-12-08T10:23:41","modified_gmt":"2025-12-08T13:23:41","slug":"dias-movimentados-paulista-comeca-dezembro-com-dois-reforcos-e-jogo-treino-contra-ituano","status":"publish","type":"post","link":"https:\/\/tvtecjundiai.com.br\/news\/2025\/12\/08\/dias-movimentados-paulista-comeca-dezembro-com-dois-reforcos-e-jogo-treino-contra-ituano\/","title":{"rendered":"Dias movimentados! Paulista come\u00e7a dezembro com dois refor\u00e7os e jogo-treino contra Ituano"},"content":{"rendered":"\n<p>A primeira semana de dezembro foi de muito movimento nas alamedas do Jayme Cintra. Em prepara\u00e7\u00e3o para a A3 de 2026, o Paulista anunciou mais duas contrata\u00e7\u00f5es, chegando a 11 refor\u00e7os, e disputou um jogo-treino contra a equipe do Ituano, que disputa a S\u00e9rie A2 do Paulist\u00e3o e a S\u00e9rie C do Campeonato Brasileiro, profissionalmente, e a Copinha, na categoria sub-20.<\/p>\n\n\n\n<p>Na quarta-feira (3), Matheus Arcanjo, atacante de 24 anos que estava no futebol paranaense e marcou 9 gols em 24 jogos neste ano, atuando pelo Betel-PR, Juventus-SC e Colorado Caieiras. Com 1,95m, Arcanjo tem na altura uma das suas principais caracter\u00edsticas.<\/p>\n\n\n\n<figure class=\"wp-block-image size-large\"><img loading=\"lazy\" decoding=\"async\" width=\"1200\" height=\"801\" src=\"https:\/\/tvtecjundiai.com.br\/news\/wp-content\/uploads\/sites\/2\/2025\/12\/image-3-1200x801.png\" alt=\"\" class=\"wp-image-132968\" srcset=\"https:\/\/tvtecjundiai.com.br\/news\/wp-content\/uploads\/sites\/2\/2025\/12\/image-3-1200x801.png 1200w, https:\/\/tvtecjundiai.com.br\/news\/wp-content\/uploads\/sites\/2\/2025\/12\/image-3-300x200.png 300w, https:\/\/tvtecjundiai.com.br\/news\/wp-content\/uploads\/sites\/2\/2025\/12\/image-3-768x512.png 768w, https:\/\/tvtecjundiai.com.br\/news\/wp-content\/uploads\/sites\/2\/2025\/12\/image-3.png 1280w\" sizes=\"auto, (max-width: 1200px) 100vw, 1200px\" \/><figcaption class=\"wp-element-caption\">Matheus durante treinamento realizado no Jayme Cintra. (Foto: Gustavo Amorim\/Paulista FC)<\/figcaption><\/figure>\n\n\n\n<p>Na quinta-feira (4), foi a vez de Jean Ga\u00facho, lateral-direito de 25 anos que estava no Esporte Clube Ga\u00facho, contribuindo com duas assist\u00eancias nas 23 partidas que disputou na temporada. <\/p>\n\n\n\n<figure class=\"wp-block-image size-large\"><img loading=\"lazy\" decoding=\"async\" width=\"1200\" height=\"801\" src=\"https:\/\/tvtecjundiai.com.br\/news\/wp-content\/uploads\/sites\/2\/2025\/12\/image-4-1200x801.png\" alt=\"\" class=\"wp-image-132969\" srcset=\"https:\/\/tvtecjundiai.com.br\/news\/wp-content\/uploads\/sites\/2\/2025\/12\/image-4-1200x801.png 1200w, https:\/\/tvtecjundiai.com.br\/news\/wp-content\/uploads\/sites\/2\/2025\/12\/image-4-300x200.png 300w, https:\/\/tvtecjundiai.com.br\/news\/wp-content\/uploads\/sites\/2\/2025\/12\/image-4-768x512.png 768w, https:\/\/tvtecjundiai.com.br\/news\/wp-content\/uploads\/sites\/2\/2025\/12\/image-4.png 1280w\" sizes=\"auto, (max-width: 1200px) 100vw, 1200px\" \/><figcaption class=\"wp-element-caption\">Jean Ga\u00facho posando para foto de apresenta\u00e7\u00e3o. (Foto: Gustavo Amorim\/Paulista FC)<\/figcaption><\/figure>\n\n\n\n<p>Para fechar a semana, o Paulista viajou at\u00e9 Itu para enfrentar a equipe sub-20 do Ituano em jogo-treino. Em dois tempos de 50 minutos, o Galo come\u00e7ou saiu vitorioso na primeira etapa por 1&#215;0, com gol do lateral-esquerdo Lucas Franco, mas sofreu o rev\u00e9s na segunda etapa, finalizando a partida com uma derrota por 2&#215;1.<\/p>\n\n\n\n<figure class=\"wp-block-image size-large\"><img loading=\"lazy\" decoding=\"async\" width=\"961\" height=\"960\" src=\"https:\/\/tvtecjundiai.com.br\/news\/wp-content\/uploads\/sites\/2\/2025\/12\/image-5-961x960.png\" alt=\"\" class=\"wp-image-132971\" srcset=\"https:\/\/tvtecjundiai.com.br\/news\/wp-content\/uploads\/sites\/2\/2025\/12\/image-5-961x960.png 961w, https:\/\/tvtecjundiai.com.br\/news\/wp-content\/uploads\/sites\/2\/2025\/12\/image-5-300x300.png 300w, https:\/\/tvtecjundiai.com.br\/news\/wp-content\/uploads\/sites\/2\/2025\/12\/image-5-100x100.png 100w, https:\/\/tvtecjundiai.com.br\/news\/wp-content\/uploads\/sites\/2\/2025\/12\/image-5-768x767.png 768w, https:\/\/tvtecjundiai.com.br\/news\/wp-content\/uploads\/sites\/2\/2025\/12\/image-5.png 1170w\" sizes=\"auto, (max-width: 961px) 100vw, 961px\" \/><figcaption class=\"wp-element-caption\">Gustavo \u00cdndio, de chuteira rosa, marcando a sa\u00edda de bola do Ituano. (Foto: Gustavo Rozzanti)<\/figcaption><\/figure>\n\n\n\n<p>O t\u00e9cnico Raphael Pereira utilizar\u00e1 esses jogos preparat\u00f3rios para rodar o elenco e aprimorar o entrosamento de seus comandados at\u00e9 a estreia da S\u00e9rie A3, contra a Itapirense no fim de janeiro, ainda sem data definida. No pr\u00f3ximo s\u00e1bado (13), o compromisso ser\u00e1 contra outro time da S\u00e9rie A2, o S\u00e3o Jos\u00e9, ainda sem hor\u00e1rio e local anunciados.<\/p>\n\n\n\n<p>Texto por: Reda\u00e7\u00e3o TVTEC Jundia\u00ed<\/p>\n\n\n\n<p><\/p>\n","protected":false},"excerpt":{"rendered":"<p>Per\u00edodo de prepara\u00e7\u00e3o segue at\u00e9 o fim de janeiro do ano que vem, quando o Galo estreia na S\u00e9rie A3<\/p>\n","protected":false},"author":24,"featured_media":132970,"comment_status":"closed","ping_status":"0","sticky":false,"template":"","format":"standard","meta":{"footnotes":""},"categories":[29,2827,8428,8356,1],"tags":[],"class_list":["post-132967","post","type-post","status-publish","format-standard","has-post-thumbnail","hentry","category-destaque","category-esportes-e-lazer","category-futebol","category-jundiai","category-noticias"],"_links":{"self":[{"href":"https:\/\/tvtecjundiai.com.br\/news\/wp-json\/wp\/v2\/posts\/132967","targetHints":{"allow":["GET"]}}],"collection":[{"href":"https:\/\/tvtecjundiai.com.br\/news\/wp-json\/wp\/v2\/posts"}],"about":[{"href":"https:\/\/tvtecjundiai.com.br\/news\/wp-json\/wp\/v2\/types\/post"}],"author":[{"embeddable":true,"href":"https:\/\/tvtecjundiai.com.br\/news\/wp-json\/wp\/v2\/users\/24"}],"replies":[{"embeddable":true,"href":"https:\/\/tvtecjundiai.com.br\/news\/wp-json\/wp\/v2\/comments?post=132967"}],"version-history":[{"count":1,"href":"https:\/\/tvtecjundiai.com.br\/news\/wp-json\/wp\/v2\/posts\/132967\/revisions"}],"predecessor-version":[{"id":132972,"href":"https:\/\/tvtecjundiai.com.br\/news\/wp-json\/wp\/v2\/posts\/132967\/revisions\/132972"}],"wp:featuredmedia":[{"embeddable":true,"href":"https:\/\/tvtecjundiai.com.br\/news\/wp-json\/wp\/v2\/media\/132970"}],"wp:attachment":[{"href":"https:\/\/tvtecjundiai.com.br\/news\/wp-json\/wp\/v2\/media?parent=132967"}],"wp:term":[{"taxonomy":"category","embeddable":true,"href":"https:\/\/tvtecjundiai.com.br\/news\/wp-json\/wp\/v2\/categories?post=132967"},{"taxonomy":"post_tag","embeddable":true,"href":"https:\/\/tvtecjundiai.com.br\/news\/wp-json\/wp\/v2\/tags?post=132967"}],"curies":[{"name":"wp","href":"https:\/\/api.w.org\/{rel}","templated":true}]}}