{"id":13297,"date":"2018-07-05T08:59:15","date_gmt":"2018-07-05T11:59:15","guid":{"rendered":"https:\/\/tvtecjundiai.com.br\/news\/?p=13297"},"modified":"2018-07-05T08:59:35","modified_gmt":"2018-07-05T11:59:35","slug":"escola-joaquim-candelario-comeca-a-ser-transferida-para-novo-predio","status":"publish","type":"post","link":"https:\/\/tvtecjundiai.com.br\/news\/2018\/07\/05\/escola-joaquim-candelario-comeca-a-ser-transferida-para-novo-predio\/","title":{"rendered":"Escola Joaquim Candel\u00e1rio come\u00e7a a ser transferida para novo pr\u00e9dio"},"content":{"rendered":"<div id=\"attachment_13298\" style=\"width: 460px\" class=\"wp-caption alignright\"><a href=\"https:\/\/tvtecjundiai.com.br\/news\/wp-content\/uploads\/sites\/2\/2018\/07\/mudanca-endereco-escola-candelario_c_-10.jpg\"><img loading=\"lazy\" decoding=\"async\" aria-describedby=\"caption-attachment-13298\" class=\"wp-image-13298\" src=\"https:\/\/tvtecjundiai.com.br\/news\/wp-content\/uploads\/sites\/2\/2018\/07\/mudanca-endereco-escola-candelario_c_-10-300x200.jpg\" alt=\"\" width=\"450\" height=\"300\" srcset=\"https:\/\/tvtecjundiai.com.br\/news\/wp-content\/uploads\/sites\/2\/2018\/07\/mudanca-endereco-escola-candelario_c_-10-300x200.jpg 300w, https:\/\/tvtecjundiai.com.br\/news\/wp-content\/uploads\/sites\/2\/2018\/07\/mudanca-endereco-escola-candelario_c_-10-768x512.jpg 768w, https:\/\/tvtecjundiai.com.br\/news\/wp-content\/uploads\/sites\/2\/2018\/07\/mudanca-endereco-escola-candelario_c_-10-1200x800.jpg 1200w, https:\/\/tvtecjundiai.com.br\/news\/wp-content\/uploads\/sites\/2\/2018\/07\/mudanca-endereco-escola-candelario_c_-10.jpg 1280w\" sizes=\"auto, (max-width: 450px) 100vw, 450px\" \/><\/a><p id=\"caption-attachment-13298\" class=\"wp-caption-text\">A previs\u00e3o \u00e9 que a nova Emeb Joaquim Candel\u00e1rio de Freitas seja entregue no final de 2019<\/p><\/div>\n<p>A Unidade de Gest\u00e3o de Educa\u00e7\u00e3o (UGE) e a equipe da Emeb Professor Joaquim Candel\u00e1rio de Freitas iniciaram, nesta quarta-feira (4), a mudan\u00e7a da unidade escolar para pr\u00e9dio localizado na avenida Itatiba, na Vila Rio Branco, onde por anos funcionou uma escola do Sesi. O im\u00f3vel da Vila Hortol\u00e2ndia, por ser antigo, passar\u00e1 por interven\u00e7\u00e3o de grande porte. Os alunos retornam das f\u00e9rias, no dia 23 de julho, no novo espa\u00e7o. A UGE ofertar\u00e1 transporte para os estudantes se descolarem ao local.<\/p>\n<p>Inicialmente, foi transferida a parte administrativa. Nesta quinta (5) e sexta-feira (6), ser\u00e3o levados demais mobili\u00e1rios. N\u00e3o houve necessidade de suspens\u00e3o das aulas. \u201cOs alunos est\u00e3o concluindo, normalmente, o semestre letivo. As carteiras ser\u00e3o as \u00faltimas a chegarem para a montagem das salas. Durante as f\u00e9rias, ser\u00e3o finalizados alguns pequenos reparos e tudo estar\u00e1 pronto para a volta \u00e0s aulas. Os pais j\u00e1 est\u00e3o cientes e entenderam a necessidade dessa mudan\u00e7a tempor\u00e1ria\u201d, comentou o assistente de diretor da Emeb, Eduardo Boaventura.<\/p>\n<p>A escola continuar\u00e1 com a mesma estrutura: 27 salas, sendo 14 no per\u00edodo da manh\u00e3 e 13 a tarde, para o atendimento de 654 alunos da Educa\u00e7\u00e3o Infantil e do Ensino Fundamental.<\/p>\n<p><strong>Novo projeto<br \/>\n<\/strong>O im\u00f3vel da Vila Hortol\u00e2ndia passar\u00e1 por uma reformula\u00e7\u00e3o total. O projeto arquitet\u00f4nico, al\u00e9m de prever a\u00e7\u00f5es sustent\u00e1veis, como a implanta\u00e7\u00e3o de uma horta vertical, capta\u00e7\u00e3o de \u00e1gua da chuva para reuso e espa\u00e7os que ampliam as possibilidades pedag\u00f3gicas, tem como diferencial a inclus\u00e3o das sugest\u00f5es dos alunos e da comunidade escolar, o que vai ao encontro do Programa Escola Inovadora, constitu\u00eddo pela atual gest\u00e3o: a escuta ativa e a participa\u00e7\u00e3o da comunidade nos processos. A previs\u00e3o \u00e9 que a nova Emeb Joaquim Candel\u00e1rio de Freitas seja entregue no final de 2019.<\/p>\n<p><em>(Fonte: Prefeitura de Jundia\u00ed)<\/em><\/p>\n","protected":false},"excerpt":{"rendered":"<p>Previs\u00e3o \u00e9 que a nova Emeb seja entregue no final de 2019<\/p>\n","protected":false},"author":10,"featured_media":13298,"comment_status":"closed","ping_status":"closed","sticky":false,"template":"","format":"standard","meta":{"footnotes":""},"categories":[2834,29,2828],"tags":[21,5,15],"class_list":["post-13297","post","type-post","status-publish","format-standard","has-post-thumbnail","hentry","category-cidades","category-destaque","category-educacao","tag-educacao","tag-jundiai","tag-tvtec"],"_links":{"self":[{"href":"https:\/\/tvtecjundiai.com.br\/news\/wp-json\/wp\/v2\/posts\/13297","targetHints":{"allow":["GET"]}}],"collection":[{"href":"https:\/\/tvtecjundiai.com.br\/news\/wp-json\/wp\/v2\/posts"}],"about":[{"href":"https:\/\/tvtecjundiai.com.br\/news\/wp-json\/wp\/v2\/types\/post"}],"author":[{"embeddable":true,"href":"https:\/\/tvtecjundiai.com.br\/news\/wp-json\/wp\/v2\/users\/10"}],"replies":[{"embeddable":true,"href":"https:\/\/tvtecjundiai.com.br\/news\/wp-json\/wp\/v2\/comments?post=13297"}],"version-history":[{"count":2,"href":"https:\/\/tvtecjundiai.com.br\/news\/wp-json\/wp\/v2\/posts\/13297\/revisions"}],"predecessor-version":[{"id":13300,"href":"https:\/\/tvtecjundiai.com.br\/news\/wp-json\/wp\/v2\/posts\/13297\/revisions\/13300"}],"wp:featuredmedia":[{"embeddable":true,"href":"https:\/\/tvtecjundiai.com.br\/news\/wp-json\/wp\/v2\/media\/13298"}],"wp:attachment":[{"href":"https:\/\/tvtecjundiai.com.br\/news\/wp-json\/wp\/v2\/media?parent=13297"}],"wp:term":[{"taxonomy":"category","embeddable":true,"href":"https:\/\/tvtecjundiai.com.br\/news\/wp-json\/wp\/v2\/categories?post=13297"},{"taxonomy":"post_tag","embeddable":true,"href":"https:\/\/tvtecjundiai.com.br\/news\/wp-json\/wp\/v2\/tags?post=13297"}],"curies":[{"name":"wp","href":"https:\/\/api.w.org\/{rel}","templated":true}]}}