{"id":132974,"date":"2025-12-08T14:53:15","date_gmt":"2025-12-08T17:53:15","guid":{"rendered":"https:\/\/tvtecjundiai.com.br\/news\/?p=132974"},"modified":"2025-12-08T14:53:15","modified_gmt":"2025-12-08T17:53:15","slug":"festival-da-coxinha-de-queijo-e-da-cerveja-artesanal-encerra-com-grande-sucesso-no-parque-da-uva","status":"publish","type":"post","link":"https:\/\/tvtecjundiai.com.br\/news\/2025\/12\/08\/festival-da-coxinha-de-queijo-e-da-cerveja-artesanal-encerra-com-grande-sucesso-no-parque-da-uva\/","title":{"rendered":"Festival da Coxinha de Queijo e da Cerveja Artesanal encerra com grande sucesso no Parque da Uva"},"content":{"rendered":"\n<p>O Festival da Coxinha de Queijo e da Cerveja Artesanal encerrou neste domingo (07) com grande sucesso de p\u00fablico. Centenas de jundiaienses aproveitaram o dia de calor para prestigiar o evento no Parque da Uva, que mais uma vez celebrou dois s\u00edmbolos importantes da identidade gastron\u00f4mica da cidade: a tradicional coxinha de queijo \u2014 reconhecida como Patrim\u00f4nio Imaterial de Jundia\u00ed \u2014 e a produ\u00e7\u00e3o local de cerveja artesanal.<\/p>\n\n\n\n<p><\/p>\n\n\n\n<figure class=\"wp-block-image\"><img decoding=\"async\" src=\"https:\/\/jundiai.sp.gov.br\/noticias\/wp-content\/uploads\/sites\/32\/2025\/12\/festival_da_coxinha_2025_v-5-1280x854.jpg\" alt=\"\" class=\"wp-image-370879\" \/><\/figure>\n\n\n\n<p><\/p>\n\n\n\n<p>Al\u00e9m dos moradores da cidade, o festival tamb\u00e9m movimentou o turismo regional. Visitantes de S\u00e3o Paulo, Campinas, Tamba\u00fa e outras cidades passaram pelo Parque da Uva ao longo do fim de semana, atra\u00eddos pela gastronomia t\u00edpica e pela programa\u00e7\u00e3o cultural. A presen\u00e7a de turistas refor\u00e7a a for\u00e7a do festival no calend\u00e1rio de eventos de Jundia\u00ed e demonstra como iniciativas desse porte contribuem para atrair novos p\u00fablicos e fortalecer o setor.<\/p>\n\n\n\n<p>Com muita coxinha e cerveja, \u00e1rea pet friendly, artesanato e shows musicais, o festival reuniu fam\u00edlias de todas as regi\u00f5es da cidade ao longo do final de semana. O clima agrad\u00e1vel e o ambiente familiar fizeram com que muitos visitantes permanecessem no Parque durante toda a tarde.<\/p>\n\n\n\n<div class=\"wp-block-columns is-layout-flex wp-container-core-columns-is-layout-9d6595d7 wp-block-columns-is-layout-flex\">\n<div class=\"wp-block-column is-layout-flow wp-block-column-is-layout-flow\">\n<figure class=\"wp-block-image\"><img decoding=\"async\" src=\"https:\/\/jundiai.sp.gov.br\/noticias\/wp-content\/uploads\/sites\/32\/2025\/12\/festival_da_coxinha_2025_v-16-1280x854.jpg\" alt=\"\" class=\"wp-image-370882\" \/><figcaption class=\"wp-element-caption\">Fam\u00edlia da Elza Schmidt<br><\/figcaption><\/figure>\n<\/div>\n\n\n\n<div class=\"wp-block-column is-layout-flow wp-block-column-is-layout-flow\">\n<figure class=\"wp-block-image\"><img decoding=\"async\" src=\"https:\/\/jundiai.sp.gov.br\/noticias\/wp-content\/uploads\/sites\/32\/2025\/12\/festival_da_coxinha_2025_v-17-1280x854.jpg\" alt=\"\" class=\"wp-image-370883\" \/><figcaption class=\"wp-element-caption\">Elza Schmidt<br><\/figcaption><\/figure>\n<\/div>\n<\/div>\n\n\n\n<p>Entre eles estava a fam\u00edlia da dona Elza Schmidt, que participou pela primeira vez do festival. Em meio \u00e0s barracas gastron\u00f4micas, ela elogiou a organiza\u00e7\u00e3o e a experi\u00eancia no local. \u201cO espa\u00e7o est\u00e1 muito agrad\u00e1vel, com clima familiar e produtos de \u00f3tima qualidade. Gostamos muito e vamos voltar nas pr\u00f3ximas edi\u00e7\u00f5es\u201d, afirmou.<\/p>\n\n\n\n<p>Outra visitante que aproveitou o domingo de calor foi M\u00e1rcia Magda Oliveira Soares, que levou filhos e netos para curtir o dia no Parque da Uva. \u201c\u00c9 uma oportunidade de estarmos juntos, com seguran\u00e7a, boa comida e m\u00fasica. As crian\u00e7as adoraram e j\u00e1 pediram para voltar. A estrutura est\u00e1 excelente para quem vem em fam\u00edlia\u201d, comentou.<\/p>\n\n\n\n<p><\/p>\n\n\n\n<div class=\"wp-block-columns is-layout-flex wp-container-core-columns-is-layout-9d6595d7 wp-block-columns-is-layout-flex\">\n<div class=\"wp-block-column is-layout-flow wp-block-column-is-layout-flow\">\n<figure class=\"wp-block-image\"><img decoding=\"async\" src=\"https:\/\/jundiai.sp.gov.br\/noticias\/wp-content\/uploads\/sites\/32\/2025\/12\/festival_da_coxinha_2025_v-18-1280x854.jpg\" alt=\"\" class=\"wp-image-370880\" \/><figcaption class=\"wp-element-caption\">Fam\u00edlia de M\u00e1rcia Magda Oliveira Soares<br><\/figcaption><\/figure>\n<\/div>\n\n\n\n<div class=\"wp-block-column is-layout-flow wp-block-column-is-layout-flow\">\n<figure class=\"wp-block-image\"><img decoding=\"async\" src=\"https:\/\/jundiai.sp.gov.br\/noticias\/wp-content\/uploads\/sites\/32\/2025\/12\/festival_da_coxinha_2025_v-19-1280x854.jpg\" alt=\"\" class=\"wp-image-370881\" \/><figcaption class=\"wp-element-caption\">M\u00e1rcia Magda Oliveira Soares<br><\/figcaption><\/figure>\n<\/div>\n<\/div>\n\n\n\n<p>O evento tamb\u00e9m agradou quem escolheu passear acompanhado dos pets. As \u00e1reas abertas e a circula\u00e7\u00e3o confort\u00e1vel se tornaram um atrativo \u00e0 parte para a Tha\u00eds e o Claudinei que levaram seus c\u00e3es para curtir o dia. \u201cFoi \u00f3timo poder trazer o nosso c\u00e3ozinho. O espa\u00e7o pet friendly faz toda a diferen\u00e7a\u201d.<\/p>\n\n\n\n<p>A secret\u00e1ria de Agroneg\u00f3cio, Abastecimento e Turismo, Marcela Moro, comemorou o sucesso da edi\u00e7\u00e3o.<br>\u201cO festival mostra, mais uma vez, a for\u00e7a da gastronomia de Jundia\u00ed e a import\u00e2ncia de promover eventos que valorizem nossa cultura, movimentem a economia local e ofere\u00e7am lazer de qualidade \u00e0 popula\u00e7\u00e3o. Encerramos esta edi\u00e7\u00e3o muito satisfeitos e j\u00e1 com a certeza de que o p\u00fablico quer mais\u201d, destacou.<\/p>\n\n\n\n<div class=\"wp-block-columns is-layout-flex wp-container-core-columns-is-layout-9d6595d7 wp-block-columns-is-layout-flex\">\n<div class=\"wp-block-column is-layout-flow wp-block-column-is-layout-flow\">\n<figure class=\"wp-block-image\"><img decoding=\"async\" src=\"https:\/\/jundiai.sp.gov.br\/noticias\/wp-content\/uploads\/sites\/32\/2025\/12\/festival_da_coxinha_2025_v-38-1280x854.jpg\" alt=\"\" class=\"wp-image-370885\" \/><\/figure>\n<\/div>\n\n\n\n<div class=\"wp-block-column is-layout-flow wp-block-column-is-layout-flow\">\n<figure class=\"wp-block-image\"><img decoding=\"async\" src=\"https:\/\/jundiai.sp.gov.br\/noticias\/wp-content\/uploads\/sites\/32\/2025\/12\/festival_da_coxinha_2025_v-30-1-1280x854.jpg\" alt=\"\" class=\"wp-image-370886\" \/><\/figure>\n<\/div>\n<\/div>\n\n\n\n<p><\/p>\n\n\n\n<p>O Festival da Coxinha de Queijo e da Cerveja Artesanal refor\u00e7a o calend\u00e1rio tur\u00edstico e cultural da cidade e deve retornar em novas edi\u00e7\u00f5es ao longo do pr\u00f3ximo ano.<\/p>\n\n\n\n<p><\/p>\n\n\n\n<p>Fonte \/ Imagem: Prefeitura de Jundia\u00ed<\/p>\n\n\n\n<p><\/p>\n","protected":false},"excerpt":{"rendered":"<p>O Festival da Coxinha de Queijo e da Cerveja Artesanal refor\u00e7a o calend\u00e1rio tur\u00edstico e cultural da cidade e deve retornar em novas edi\u00e7\u00f5es ao longo do pr\u00f3ximo ano<\/p>\n","protected":false},"author":24,"featured_media":132975,"comment_status":"closed","ping_status":"0","sticky":false,"template":"","format":"standard","meta":{"footnotes":""},"categories":[29,8356],"tags":[],"class_list":["post-132974","post","type-post","status-publish","format-standard","has-post-thumbnail","hentry","category-destaque","category-jundiai"],"_links":{"self":[{"href":"https:\/\/tvtecjundiai.com.br\/news\/wp-json\/wp\/v2\/posts\/132974","targetHints":{"allow":["GET"]}}],"collection":[{"href":"https:\/\/tvtecjundiai.com.br\/news\/wp-json\/wp\/v2\/posts"}],"about":[{"href":"https:\/\/tvtecjundiai.com.br\/news\/wp-json\/wp\/v2\/types\/post"}],"author":[{"embeddable":true,"href":"https:\/\/tvtecjundiai.com.br\/news\/wp-json\/wp\/v2\/users\/24"}],"replies":[{"embeddable":true,"href":"https:\/\/tvtecjundiai.com.br\/news\/wp-json\/wp\/v2\/comments?post=132974"}],"version-history":[{"count":1,"href":"https:\/\/tvtecjundiai.com.br\/news\/wp-json\/wp\/v2\/posts\/132974\/revisions"}],"predecessor-version":[{"id":132979,"href":"https:\/\/tvtecjundiai.com.br\/news\/wp-json\/wp\/v2\/posts\/132974\/revisions\/132979"}],"wp:featuredmedia":[{"embeddable":true,"href":"https:\/\/tvtecjundiai.com.br\/news\/wp-json\/wp\/v2\/media\/132975"}],"wp:attachment":[{"href":"https:\/\/tvtecjundiai.com.br\/news\/wp-json\/wp\/v2\/media?parent=132974"}],"wp:term":[{"taxonomy":"category","embeddable":true,"href":"https:\/\/tvtecjundiai.com.br\/news\/wp-json\/wp\/v2\/categories?post=132974"},{"taxonomy":"post_tag","embeddable":true,"href":"https:\/\/tvtecjundiai.com.br\/news\/wp-json\/wp\/v2\/tags?post=132974"}],"curies":[{"name":"wp","href":"https:\/\/api.w.org\/{rel}","templated":true}]}}