{"id":132985,"date":"2025-12-09T09:15:12","date_gmt":"2025-12-09T12:15:12","guid":{"rendered":"https:\/\/tvtecjundiai.com.br\/news\/?p=132985"},"modified":"2025-12-09T09:18:36","modified_gmt":"2025-12-09T12:18:36","slug":"conecta-networking-prefeitura-e-sebrae-fortalecem-ecossistema-empreendedor-da-cidade-nesta-quinta-11","status":"publish","type":"post","link":"https:\/\/tvtecjundiai.com.br\/news\/2025\/12\/09\/conecta-networking-prefeitura-e-sebrae-fortalecem-ecossistema-empreendedor-da-cidade-nesta-quinta-11\/","title":{"rendered":"Conecta Networking: Prefeitura e Sebrae fortalecem ecossistema empreendedor da cidade nesta quinta (11)"},"content":{"rendered":"\n<p>A Secretaria de Desenvolvimento Econ\u00f4mico, Ci\u00eancia e Tecnologia, por meio do eixo +Neg\u00f3cios, em parceria com o Sebrae Jundia\u00ed, realiza nesta quinta-feira (11) uma edi\u00e7\u00e3o especial do \u201cConecta Networking \u2013 A Grande Rodada\u201d, no Parque da Uva. A programa\u00e7\u00e3o \u00e9 ampla e foi pensada para impulsionar o ecossistema empreendedor da cidade.<\/p>\n\n\n\n<figure class=\"wp-block-image size-large\"><img loading=\"lazy\" decoding=\"async\" width=\"1200\" height=\"801\" src=\"https:\/\/tvtecjundiai.com.br\/news\/wp-content\/uploads\/sites\/2\/2025\/12\/conecta_networking_jundiai_empreendedora_v-2-1-1-1280x854-1-1200x801.jpg\" alt=\"\" class=\"wp-image-132986\" srcset=\"https:\/\/tvtecjundiai.com.br\/news\/wp-content\/uploads\/sites\/2\/2025\/12\/conecta_networking_jundiai_empreendedora_v-2-1-1-1280x854-1-1200x801.jpg 1200w, https:\/\/tvtecjundiai.com.br\/news\/wp-content\/uploads\/sites\/2\/2025\/12\/conecta_networking_jundiai_empreendedora_v-2-1-1-1280x854-1-300x200.jpg 300w, https:\/\/tvtecjundiai.com.br\/news\/wp-content\/uploads\/sites\/2\/2025\/12\/conecta_networking_jundiai_empreendedora_v-2-1-1-1280x854-1-768x512.jpg 768w, https:\/\/tvtecjundiai.com.br\/news\/wp-content\/uploads\/sites\/2\/2025\/12\/conecta_networking_jundiai_empreendedora_v-2-1-1-1280x854-1.jpg 1280w\" sizes=\"auto, (max-width: 1200px) 100vw, 1200px\" \/><figcaption class=\"wp-element-caption\">Conecta Networking: Prefeitura e Sebrae fortalecem ecossistema empreendedor da cidade<\/figcaption><\/figure>\n\n\n\n<p>O objetivo do evento \u00e9 aproximar empresas, fomentar novos neg\u00f3cios e ampliar a integra\u00e7\u00e3o entre diferentes segmentos econ\u00f4micos. A proposta \u00e9 criar um ambiente favor\u00e1vel para parcerias estrat\u00e9gicas, gera\u00e7\u00e3o de oportunidades comerciais e troca relevante de experi\u00eancias.<\/p>\n\n\n\n<p>A secret\u00e1ria adjunta de Desenvolvimento Econ\u00f4mico, Bruna Lazarini, destaca a import\u00e2ncia da iniciativa para o munic\u00edpio.<br>\u201cO Conecta Networking \u00e9 uma porta aberta para que empreendedores se encontrem, compartilhem conhecimento e ampliem sua vis\u00e3o de mercado. \u00c9 um evento que fortalece a economia local e gera oportunidades reais de crescimento para quem est\u00e1 pronto para se conectar\u201d, afirma.<\/p>\n\n\n\n<p><\/p>\n\n\n\n<h3 class=\"wp-block-heading\"><strong>Programa\u00e7\u00e3o<\/strong><\/h3>\n\n\n\n<h4 class=\"wp-block-heading\"><strong>Manh\u00e3 \u2013 Encontro de Neg\u00f3cios e Networking<\/strong><\/h4>\n\n\n\n<p>A abertura ser\u00e1 com um grande Encontro de Neg\u00f3cios, reunindo empreendedores de diversos setores. A atividade inclui trocas de contatos, rodadas r\u00e1pidas de apresenta\u00e7\u00e3o e gera\u00e7\u00e3o direta de oportunidades comerciais. O foco \u00e9 estimular conex\u00f5es assertivas, ampliar a visibilidade das empresas e fortalecer parcerias estrat\u00e9gicas.<\/p>\n\n\n\n<h4 class=\"wp-block-heading\"><strong>Tarde \u2013 Projeto Soma + Palestra sobre Compras P\u00fablicas<\/strong><\/h4>\n\n\n\n<p>No per\u00edodo da tarde, o destaque \u00e9 o<strong> <\/strong>Projeto Soma, iniciativa do Sebrae voltada ao credenciamento de empresas de consultoria e treinamento (PJs) para presta\u00e7\u00e3o de servi\u00e7os t\u00e9cnicos especializados em projetos estrat\u00e9gicos. Com o lema <em>\u201csomando experi\u00eancias e fazendo neg\u00f3cios junto com o Sebrae\u201d<\/em>, o programa abre portas para profissionais que desejam atuar em demandas de alta relev\u00e2ncia empresarial.<\/p>\n\n\n\n<p>Tamb\u00e9m integra a programa\u00e7\u00e3o a palestra <strong>\u201c<\/strong>Compras P\u00fablicas\u201d, que ir\u00e1 apresentar como vender para \u00f3rg\u00e3os governamentais, detalhando processos, oportunidades e caminhos para que empresas locais ampliem sua presen\u00e7a no mercado institucional.<\/p>\n\n\n\n<p>As vagas s\u00e3o exclusivas para as atividades da tarde, e as inscri\u00e7\u00f5es podem ser feitas pelo <a href=\"https:\/\/docs.google.com\/forms\/d\/e\/1FAIpQLScNYs_x3H9uSk_5t8JMuqy8yfeHQ6_CjGV1JyPTFryjHpbPjw\/viewform\" data-type=\"link\" data-id=\"https:\/\/docs.google.com\/forms\/d\/e\/1FAIpQLScNYs_x3H9uSk_5t8JMuqy8yfeHQ6_CjGV1JyPTFryjHpbPjw\/viewform\">link de inscri\u00e7\u00e3o.<\/a><\/p>\n\n\n\n<p>O TECNEWS far\u00e1 cobertura ao vivo \u00e0s 11h30, trazendo os destaques do evento. Acompanhe pelas redes sociais da TVTEC ou pelo canal 24 da Claro TV.<\/p>\n\n\n\n<p><\/p>\n\n\n\n<p>Fonte \/ Imagem: Prefeitura de Jundia\u00ed<\/p>\n","protected":false},"excerpt":{"rendered":"<p>O TECNEWS far\u00e1 cobertura ao vivo \u00e0s 11h30, trazendo os destaques do evento. Acompanhe pelas redes sociais da TVTEC ou pelo canal 24 da Claro TV<\/p>\n","protected":false},"author":24,"featured_media":132987,"comment_status":"open","ping_status":"0","sticky":false,"template":"","format":"standard","meta":{"footnotes":""},"categories":[29,8362,8356,1],"tags":[],"class_list":["post-132985","post","type-post","status-publish","format-standard","has-post-thumbnail","hentry","category-destaque","category-empreendedorismo","category-jundiai","category-noticias"],"_links":{"self":[{"href":"https:\/\/tvtecjundiai.com.br\/news\/wp-json\/wp\/v2\/posts\/132985","targetHints":{"allow":["GET"]}}],"collection":[{"href":"https:\/\/tvtecjundiai.com.br\/news\/wp-json\/wp\/v2\/posts"}],"about":[{"href":"https:\/\/tvtecjundiai.com.br\/news\/wp-json\/wp\/v2\/types\/post"}],"author":[{"embeddable":true,"href":"https:\/\/tvtecjundiai.com.br\/news\/wp-json\/wp\/v2\/users\/24"}],"replies":[{"embeddable":true,"href":"https:\/\/tvtecjundiai.com.br\/news\/wp-json\/wp\/v2\/comments?post=132985"}],"version-history":[{"count":2,"href":"https:\/\/tvtecjundiai.com.br\/news\/wp-json\/wp\/v2\/posts\/132985\/revisions"}],"predecessor-version":[{"id":132989,"href":"https:\/\/tvtecjundiai.com.br\/news\/wp-json\/wp\/v2\/posts\/132985\/revisions\/132989"}],"wp:featuredmedia":[{"embeddable":true,"href":"https:\/\/tvtecjundiai.com.br\/news\/wp-json\/wp\/v2\/media\/132987"}],"wp:attachment":[{"href":"https:\/\/tvtecjundiai.com.br\/news\/wp-json\/wp\/v2\/media?parent=132985"}],"wp:term":[{"taxonomy":"category","embeddable":true,"href":"https:\/\/tvtecjundiai.com.br\/news\/wp-json\/wp\/v2\/categories?post=132985"},{"taxonomy":"post_tag","embeddable":true,"href":"https:\/\/tvtecjundiai.com.br\/news\/wp-json\/wp\/v2\/tags?post=132985"}],"curies":[{"name":"wp","href":"https:\/\/api.w.org\/{rel}","templated":true}]}}