{"id":132990,"date":"2025-12-09T09:26:34","date_gmt":"2025-12-09T12:26:34","guid":{"rendered":"https:\/\/tvtecjundiai.com.br\/news\/?p=132990"},"modified":"2025-12-09T09:28:39","modified_gmt":"2025-12-09T12:28:39","slug":"dae-e-prefeitura-entregam-nova-adutora-e-reforcam-o-abastecimento-no-vetor-oeste","status":"publish","type":"post","link":"https:\/\/tvtecjundiai.com.br\/news\/2025\/12\/09\/dae-e-prefeitura-entregam-nova-adutora-e-reforcam-o-abastecimento-no-vetor-oeste\/","title":{"rendered":"DAE e Prefeitura entregam nova adutora e refor\u00e7am o abastecimento no Vetor Oeste"},"content":{"rendered":"\n<p>A DAE e a Prefeitura de Jundia\u00ed entregaram neste domingo (7) a nova adutora que refor\u00e7ar\u00e1 o sistema de abastecimento do Vetor Oeste. A visita t\u00e9cnica, que marcou o in\u00edcio da opera\u00e7\u00e3o da nova adutora, integra o calend\u00e1rio de a\u00e7\u00f5es em comemora\u00e7\u00e3o aos 369 anos da cidade e marca mais uma etapa do conjunto de investimentos planejados para ampliar a seguran\u00e7a h\u00eddrica do munic\u00edpio.<\/p>\n\n\n\n<p>Durante a a\u00e7\u00e3o o prefeito Gustavo Martinelli, refor\u00e7ou a import\u00e2ncia da obra para a cidade. \u201cEstamos falando de um projeto de mais de tr\u00eas quil\u00f4metros de extens\u00e3o, que passa a beneficiar cerca de 160 mil fam\u00edlias. \u00c9 um impacto enorme para o Vetor Oeste e para todo o sistema de abastecimento da cidade \u00c9 uma regi\u00e3o que cresce muito, e o nosso compromisso \u00e9 acompanhar esse crescimento com planejamento e seriedade, refor\u00e7ando toda a estrutura de abastecimento da regi\u00e3o\u201d, explicou Martinelli.<\/p>\n\n\n\n<figure class=\"wp-block-image\"><a class=\"fancybox image\" href=\"https:\/\/daejundiai.com.br\/wp-content\/uploads\/2025\/12\/adutora-vetor-oeste-1-840x560.jpeg\"><img decoding=\"async\" src=\"https:\/\/daejundiai.com.br\/wp-content\/uploads\/2025\/12\/adutora-vetor-oeste-1-840x560.jpeg\" alt=\"\" class=\"wp-image-38843\" \/><\/a><\/figure>\n\n\n\n<p>Com mais de tr\u00eas quil\u00f4metros de extens\u00e3o, o projeto contempla diferentes trechos dimensionados para atender a regi\u00e3o. Foram instalados 322 metros de adutora de 800 mm, 1,9 km de adutora de 1000 mm, 740 metros de adutora de 1200 mm e mais 42 metros de adutora de 800 mm, compondo um sistema robusto de transporte de \u00e1gua tratada.<\/p>\n\n\n\n<p>O investimento total \u00e9 de mais de R$18.3 milh\u00f5es, viabilizado por meio de financiamento da Caixa Econ\u00f4mica Federal, pelo programa IN22, em parceria com recursos pr\u00f3prios da empresa. A obra teve in\u00edcio em maio de 2023 e, com sua conclus\u00e3o, beneficiar\u00e1 diretamente cerca de 160 mil fam\u00edlias do Vetor Oeste.<\/p>\n\n\n\n<p>O diretor-presidente da DAE, Luiz Roberto Del Gelmo, destacou o papel estrat\u00e9gico da obra para o abastecimento da cidade. \u201cEssa adutora foi planejada para atender n\u00e3o apenas a necessidade atual do Vetor Oeste, mas tamb\u00e9m o desenvolvimento da regi\u00e3o nos pr\u00f3ximos anos. \u00c9 uma obra de grande impacto para a seguran\u00e7a operacional do sistema e para garantir que o crescimento da cidade seja acompanhado por infraestrutura adequada.\u201d<\/p>\n\n\n\n<p>O vereador Daniel Lemos e membros da diretoria da DAE tamb\u00e9m acompanharam a visita. A entrega marca mais uma fase do programa de melhorias da DAE voltado ao fortalecimento da capacidade de distribui\u00e7\u00e3o de \u00e1gua em todas as regi\u00f5es da cidade.&nbsp;<\/p>\n\n\n\n<p>Fonte: Assessoria de Comunica\u00e7\u00e3o da DAE Jundia\u00ed<\/p>\n","protected":false},"excerpt":{"rendered":"<p>Com mais de tr\u00eas quil\u00f4metros de extens\u00e3o, o projeto contempla diferentes trechos dimensionados para atender a regi\u00e3o<\/p>\n","protected":false},"author":24,"featured_media":132991,"comment_status":"closed","ping_status":"0","sticky":false,"template":"","format":"standard","meta":{"footnotes":""},"categories":[8405,8406,29,8391,8356],"tags":[],"class_list":["post-132990","post","type-post","status-publish","format-standard","has-post-thumbnail","hentry","category-dae","category-dae-dae","category-destaque","category-infraestrutura","category-jundiai"],"_links":{"self":[{"href":"https:\/\/tvtecjundiai.com.br\/news\/wp-json\/wp\/v2\/posts\/132990","targetHints":{"allow":["GET"]}}],"collection":[{"href":"https:\/\/tvtecjundiai.com.br\/news\/wp-json\/wp\/v2\/posts"}],"about":[{"href":"https:\/\/tvtecjundiai.com.br\/news\/wp-json\/wp\/v2\/types\/post"}],"author":[{"embeddable":true,"href":"https:\/\/tvtecjundiai.com.br\/news\/wp-json\/wp\/v2\/users\/24"}],"replies":[{"embeddable":true,"href":"https:\/\/tvtecjundiai.com.br\/news\/wp-json\/wp\/v2\/comments?post=132990"}],"version-history":[{"count":2,"href":"https:\/\/tvtecjundiai.com.br\/news\/wp-json\/wp\/v2\/posts\/132990\/revisions"}],"predecessor-version":[{"id":132993,"href":"https:\/\/tvtecjundiai.com.br\/news\/wp-json\/wp\/v2\/posts\/132990\/revisions\/132993"}],"wp:featuredmedia":[{"embeddable":true,"href":"https:\/\/tvtecjundiai.com.br\/news\/wp-json\/wp\/v2\/media\/132991"}],"wp:attachment":[{"href":"https:\/\/tvtecjundiai.com.br\/news\/wp-json\/wp\/v2\/media?parent=132990"}],"wp:term":[{"taxonomy":"category","embeddable":true,"href":"https:\/\/tvtecjundiai.com.br\/news\/wp-json\/wp\/v2\/categories?post=132990"},{"taxonomy":"post_tag","embeddable":true,"href":"https:\/\/tvtecjundiai.com.br\/news\/wp-json\/wp\/v2\/tags?post=132990"}],"curies":[{"name":"wp","href":"https:\/\/api.w.org\/{rel}","templated":true}]}}